{"id":11130,"date":"2021-05-18T18:43:49","date_gmt":"2021-05-18T21:43:49","guid":{"rendered":"https:\/\/tacuarembo.gub.uy\/?p=11130"},"modified":"2021-05-18T18:43:49","modified_gmt":"2021-05-18T21:43:49","slug":"batalla-de-las-piedras-y-dia-del-ejercito-nacional","status":"publish","type":"post","link":"https:\/\/tacuarembo.gub.uy\/?p=11130","title":{"rendered":"Batalla de las Piedras y D\u00eda del Ej\u00e9rcito Nacional"},"content":{"rendered":"\r\n<p>El Intendente de Tacuaremb\u00f3, Wilson Ezquerra, encabez\u00f3 el momento donde se depositaron dos ofrendas florales en Plaza 19 de abril, en el marco del recordatorio del D\u00eda de la Batalla de las Piedras y en el D\u00eda del Ejercito Nacional. Lo acompa\u00f1aron el 2do. Comandante de la Divisi\u00f3n Ej\u00e9rcito III, Coronel. Richard Fontoura, el Jefe del Regimiento 5to. Tte. Coronel. Fernando Cruz, la Tte. Coronel. Ana Sandes, Directora del Aeropuerto de Tacuaremb\u00f3 en representaci\u00f3n de la Fuerza El Intendente de Tacuaremb\u00f3, Wilson Ezquerra, encabez\u00f3 el momento donde se depositaron dos ofrendas florales en Plaza 19 de abril, en el marco del recordatorio del D\u00eda de la Batalla de las Piedras y en el D\u00eda del Ejercito NacionalA\u00e9rea, el Jefe de Polic\u00eda, Com. May. Jhon Saravia y el se\u00f1or Presidente de la Junta Departamental, Gonzalo Dutra. El mensaje hist\u00f3rico se emiti\u00f3 de forma virtual y estuvo a cargo del Coronel Don Richard S. Fontoura, 2do. comandante de la Divisi\u00f3n de Ej\u00e9rcito III, en representaci\u00f3n de la Comisi\u00f3n Patri\u00f3tica de Tacuaremb\u00f3. Por su parte en esta fecha el izado y arreo de Pabellones Patrios correspondi\u00f3 al Regimiento 5to., en coordinaci\u00f3n con la Jefatura de Polic\u00eda.<\/p>\r\n\r\n\r\n\r\n<figure class=\"wp-block-image size-large\"><img loading=\"lazy\" decoding=\"async\" width=\"800\" height=\"420\" src=\"https:\/\/tacuarembo.gub.uy\/wp-content\/uploads\/IMG-20210518-WA0016-800x420.jpg\" alt=\"\" class=\"wp-image-11131\"\/><\/figure>\r\n\r\n\r\n\r\n<figure class=\"wp-block-image size-large\"><img loading=\"lazy\" decoding=\"async\" width=\"800\" height=\"420\" src=\"https:\/\/tacuarembo.gub.uy\/wp-content\/uploads\/IMG-20210518-WA0015-800x420.jpg\" alt=\"\" class=\"wp-image-11132\"\/><\/figure>\r\n\r\n\r\n\r\n<figure class=\"wp-block-image size-large\"><img loading=\"lazy\" decoding=\"async\" width=\"800\" height=\"420\" src=\"https:\/\/tacuarembo.gub.uy\/wp-content\/uploads\/IMG-20210518-WA0014-800x420.jpg\" alt=\"\" class=\"wp-image-11133\"\/><\/figure>\r\n\r\n\r\n\r\n<figure class=\"wp-block-image size-large\"><img loading=\"lazy\" decoding=\"async\" width=\"800\" height=\"420\" src=\"https:\/\/tacuarembo.gub.uy\/wp-content\/uploads\/IMG-20210518-WA0013-800x420.jpg\" alt=\"\" class=\"wp-image-11134\"\/><\/figure>\r\n","protected":false},"excerpt":{"rendered":"<p>El Intendente de Tacuaremb\u00f3, Wilson Ezquerra, encabez\u00f3 el momento donde se depositaron dos ofrendas florales en Plaza 19 de abril, en el marco del recordatorio del D\u00eda de la Batalla de las Piedras y en el D\u00eda del Ejercito Nacional<\/p>\n","protected":false},"author":3,"featured_media":11134,"comment_status":"open","ping_status":"open","sticky":false,"template":"","format":"standard","meta":{"_eb_attr":"","footnotes":""},"categories":[16],"tags":[],"class_list":{"0":"post-11130","1":"post","2":"type-post","3":"status-publish","4":"format-standard","5":"has-post-thumbnail","7":"category-noticias"},"_links":{"self":[{"href":"https:\/\/tacuarembo.gub.uy\/index.php?rest_route=\/wp\/v2\/posts\/11130","targetHints":{"allow":["GET"]}}],"collection":[{"href":"https:\/\/tacuarembo.gub.uy\/index.php?rest_route=\/wp\/v2\/posts"}],"about":[{"href":"https:\/\/tacuarembo.gub.uy\/index.php?rest_route=\/wp\/v2\/types\/post"}],"author":[{"embeddable":true,"href":"https:\/\/tacuarembo.gub.uy\/index.php?rest_route=\/wp\/v2\/users\/3"}],"replies":[{"embeddable":true,"href":"https:\/\/tacuarembo.gub.uy\/index.php?rest_route=%2Fwp%2Fv2%2Fcomments&post=11130"}],"version-history":[{"count":1,"href":"https:\/\/tacuarembo.gub.uy\/index.php?rest_route=\/wp\/v2\/posts\/11130\/revisions"}],"predecessor-version":[{"id":11135,"href":"https:\/\/tacuarembo.gub.uy\/index.php?rest_route=\/wp\/v2\/posts\/11130\/revisions\/11135"}],"wp:featuredmedia":[{"embeddable":true,"href":"https:\/\/tacuarembo.gub.uy\/index.php?rest_route=\/wp\/v2\/media\/11134"}],"wp:attachment":[{"href":"https:\/\/tacuarembo.gub.uy\/index.php?rest_route=%2Fwp%2Fv2%2Fmedia&parent=11130"}],"wp:term":[{"taxonomy":"category","embeddable":true,"href":"https:\/\/tacuarembo.gub.uy\/index.php?rest_route=%2Fwp%2Fv2%2Fcategories&post=11130"},{"taxonomy":"post_tag","embeddable":true,"href":"https:\/\/tacuarembo.gub.uy\/index.php?rest_route=%2Fwp%2Fv2%2Ftags&post=11130"}],"curies":[{"name":"wp","href":"https:\/\/api.w.org\/{rel}","templated":true}]}}