{"id":11026,"date":"2021-04-23T09:57:43","date_gmt":"2021-04-23T12:57:43","guid":{"rendered":"https:\/\/tacuarembo.gub.uy\/?p=11026"},"modified":"2021-05-25T09:23:32","modified_gmt":"2021-05-25T12:23:32","slug":"se-celebro-este-22-de-abril-el-dia-mundial-de-la-madre-tierra","status":"publish","type":"post","link":"https:\/\/tacuarembo.gub.uy\/?p=11026","title":{"rendered":"Se celebr\u00f3 este 22 de Abril, el D\u00eda Mundial de la Madre Tierra"},"content":{"rendered":"\n<p>La Intendencia de Tacuaremb\u00f3, en el marco del D\u00eda Mundial de la Tierra establecido por la Unesco, reitera, a trav\u00e9s de la Direcci\u00f3n de Medio Ambiente, la importancia del compromiso en el cuidado del suelo de todos, apoyando a quienes producen con respeto y valorando los ecosistemas; logrando un sano equilibrio entre persona y planeta, promoviendo as\u00ed, una econom\u00eda m\u00e1s sustentable y un rol arm\u00f3nico con la naturaleza. Este a\u00f1o el lema es :\u201dRecuperemos nuestra Tierra\u201d.<\/p>\n","protected":false},"excerpt":{"rendered":"<p>La Intendencia de Tacuaremb\u00f3, en el marco del D\u00eda Mundial de la Tierra establecido por la Unesco, reitera, a trav\u00e9s de la Direcci\u00f3n de Medio Ambiente, la importancia del compromiso en el cuidado del suelo de todos, apoyando a quienes producen con respeto y valorando los ecosistemas; logrando un sano equilibrio entre persona y planeta, promoviendo as\u00ed, una econom\u00eda m\u00e1s sustentable y un rol arm\u00f3nico con la naturaleza<\/p>\n","protected":false},"author":3,"featured_media":11027,"comment_status":"open","ping_status":"open","sticky":false,"template":"","format":"standard","meta":{"_eb_attr":"","footnotes":""},"categories":[29,16],"tags":[],"class_list":{"0":"post-11026","1":"post","2":"type-post","3":"status-publish","4":"format-standard","5":"has-post-thumbnail","7":"category-medio-ambiente","8":"category-noticias"},"_links":{"self":[{"href":"https:\/\/tacuarembo.gub.uy\/index.php?rest_route=\/wp\/v2\/posts\/11026","targetHints":{"allow":["GET"]}}],"collection":[{"href":"https:\/\/tacuarembo.gub.uy\/index.php?rest_route=\/wp\/v2\/posts"}],"about":[{"href":"https:\/\/tacuarembo.gub.uy\/index.php?rest_route=\/wp\/v2\/types\/post"}],"author":[{"embeddable":true,"href":"https:\/\/tacuarembo.gub.uy\/index.php?rest_route=\/wp\/v2\/users\/3"}],"replies":[{"embeddable":true,"href":"https:\/\/tacuarembo.gub.uy\/index.php?rest_route=%2Fwp%2Fv2%2Fcomments&post=11026"}],"version-history":[{"count":1,"href":"https:\/\/tacuarembo.gub.uy\/index.php?rest_route=\/wp\/v2\/posts\/11026\/revisions"}],"predecessor-version":[{"id":11028,"href":"https:\/\/tacuarembo.gub.uy\/index.php?rest_route=\/wp\/v2\/posts\/11026\/revisions\/11028"}],"wp:featuredmedia":[{"embeddable":true,"href":"https:\/\/tacuarembo.gub.uy\/index.php?rest_route=\/wp\/v2\/media\/11027"}],"wp:attachment":[{"href":"https:\/\/tacuarembo.gub.uy\/index.php?rest_route=%2Fwp%2Fv2%2Fmedia&parent=11026"}],"wp:term":[{"taxonomy":"category","embeddable":true,"href":"https:\/\/tacuarembo.gub.uy\/index.php?rest_route=%2Fwp%2Fv2%2Fcategories&post=11026"},{"taxonomy":"post_tag","embeddable":true,"href":"https:\/\/tacuarembo.gub.uy\/index.php?rest_route=%2Fwp%2Fv2%2Ftags&post=11026"}],"curies":[{"name":"wp","href":"https:\/\/api.w.org\/{rel}","templated":true}]}}