{"id":10893,"date":"2021-03-23T14:42:57","date_gmt":"2021-03-23T17:42:57","guid":{"rendered":"https:\/\/tacuarembo.gub.uy\/?p=10893"},"modified":"2021-03-23T18:34:22","modified_gmt":"2021-03-23T21:34:22","slug":"relevamiento-por-danos-de-la-tormenta-en-achar-y-estimacion-de-materiales-para-la-ayuda-a-los-vecinos-afectados","status":"publish","type":"post","link":"https:\/\/tacuarembo.gub.uy\/?p=10893","title":{"rendered":"Relevamiento por da\u00f1os de la Tormenta en Achar y estimaci\u00f3n de materiales para la ayuda a los vecinos afectados"},"content":{"rendered":"\n<p>La Intendencia tiende una mano en los momentos dif\u00edciles y a ra\u00edz de da\u00f1os ocasionados por tormenta en localidad de Achar, el Ejecutivo Departamental dispuso la r\u00e1pida intervenci\u00f3n, por lo que la Direcci\u00f3n Gral. de Desarrollo Social (IDT) por medio de su Director Sergio Porcile, \u00e9l Sub Director Pablo Paiva, junto con Encargado Junta Local Javier Arbiza y equipo conformado por T\u00e9cnicos en Desarrollo, Federico Chiappara y en Construcci\u00f3n, Alberto Rodr\u00edguez, realizaron un relevamiento de los da\u00f1os y estimaci\u00f3n de materiales necesarios para las reparaciones. A la vez que se recibieron solicitudes de vecinos y se brind\u00f3 orientaci\u00f3n t\u00e9cnica a familia que recientemente fuera contemplada por Plan Gardel, que es un programa de apoyo que tiene la Intendencia de Tacuaremb\u00f3 y que apunta al mejoramiento del h\u00e1bitat de los vecinos que viven un contexto de vulnerabilidad social y encuentran esta herramienta un paso hacia adelante para seguir mejorando su calidad de vida.<\/p>\n\n\n\n<figure class=\"wp-block-image size-large\"><img decoding=\"async\" src=\"blob:https:\/\/tacuarembo.gub.uy\/08b9c1ae-436d-4f96-85d7-3f205e1ccd84\" alt=\"\"\/><\/figure>\n\n\n\n<figure class=\"wp-block-image size-large\"><img decoding=\"async\" src=\"blob:https:\/\/tacuarembo.gub.uy\/c108b835-eaba-4960-9e82-c2166b640c40\" alt=\"\"\/><\/figure>\n\n\n\n<figure class=\"wp-block-image size-large\"><img decoding=\"async\" src=\"blob:https:\/\/tacuarembo.gub.uy\/8d161fe4-23db-4b79-85cb-f30a58a8dc4d\" alt=\"\"\/><\/figure>\n\n\n\n<figure class=\"wp-block-image size-large\"><img decoding=\"async\" src=\"blob:https:\/\/tacuarembo.gub.uy\/3fe42359-a788-42a5-ab85-6cc4356b8c10\" alt=\"\"\/><\/figure>\n","protected":false},"excerpt":{"rendered":"<p>La Intendencia tiende una mano en los momentos dif\u00edciles y a ra\u00edz de da\u00f1os ocasionados por tormenta en localidad de Achar, el Ejecutivo Departamental dispuso la r\u00e1pida intervenci\u00f3n, por lo que la Direcci\u00f3n Gral. de Desarrollo Social (IDT) por medio de su Director Sergio Porcile, \u00e9l Sub Director Pablo Paiva, junto con Encargado Junta Local Javier Arbiza y equipo conformado por T\u00e9cnicos en Desarrollo, Federico Chiappara y en Construcci\u00f3n, Alberto Rodr\u00edguez, realizaron un relevamiento de los da\u00f1os y estimaci\u00f3n de materiales necesarios para las reparaciones<\/p>\n","protected":false},"author":3,"featured_media":10898,"comment_status":"open","ping_status":"open","sticky":false,"template":"","format":"standard","meta":{"_eb_attr":"","footnotes":""},"categories":[16],"tags":[],"class_list":{"0":"post-10893","1":"post","2":"type-post","3":"status-publish","4":"format-standard","5":"has-post-thumbnail","7":"category-noticias"},"_links":{"self":[{"href":"https:\/\/tacuarembo.gub.uy\/index.php?rest_route=\/wp\/v2\/posts\/10893","targetHints":{"allow":["GET"]}}],"collection":[{"href":"https:\/\/tacuarembo.gub.uy\/index.php?rest_route=\/wp\/v2\/posts"}],"about":[{"href":"https:\/\/tacuarembo.gub.uy\/index.php?rest_route=\/wp\/v2\/types\/post"}],"author":[{"embeddable":true,"href":"https:\/\/tacuarembo.gub.uy\/index.php?rest_route=\/wp\/v2\/users\/3"}],"replies":[{"embeddable":true,"href":"https:\/\/tacuarembo.gub.uy\/index.php?rest_route=%2Fwp%2Fv2%2Fcomments&post=10893"}],"version-history":[{"count":2,"href":"https:\/\/tacuarembo.gub.uy\/index.php?rest_route=\/wp\/v2\/posts\/10893\/revisions"}],"predecessor-version":[{"id":10906,"href":"https:\/\/tacuarembo.gub.uy\/index.php?rest_route=\/wp\/v2\/posts\/10893\/revisions\/10906"}],"wp:featuredmedia":[{"embeddable":true,"href":"https:\/\/tacuarembo.gub.uy\/index.php?rest_route=\/wp\/v2\/media\/10898"}],"wp:attachment":[{"href":"https:\/\/tacuarembo.gub.uy\/index.php?rest_route=%2Fwp%2Fv2%2Fmedia&parent=10893"}],"wp:term":[{"taxonomy":"category","embeddable":true,"href":"https:\/\/tacuarembo.gub.uy\/index.php?rest_route=%2Fwp%2Fv2%2Fcategories&post=10893"},{"taxonomy":"post_tag","embeddable":true,"href":"https:\/\/tacuarembo.gub.uy\/index.php?rest_route=%2Fwp%2Fv2%2Ftags&post=10893"}],"curies":[{"name":"wp","href":"https:\/\/api.w.org\/{rel}","templated":true}]}}