{"id":10832,"date":"2021-03-09T19:00:48","date_gmt":"2021-03-09T22:00:48","guid":{"rendered":"https:\/\/tacuarembo.gub.uy\/?p=10832"},"modified":"2021-03-23T17:11:24","modified_gmt":"2021-03-23T20:11:24","slug":"nuevas-medidas-del-comite-de-emergencia-departamental","status":"publish","type":"post","link":"https:\/\/tacuarembo.gub.uy\/?p=10832","title":{"rendered":"Nuevas medidas del Comit\u00e9 de Emergencia Departamental"},"content":{"rendered":"\n<p>Reunido el Comit\u00e9 de Emergencia Departamental, por continuar nuestro Departamento en zona roja seg\u00fan el \u00cdndice de Harvard, resolvi\u00f3 seguir hasta el d\u00eda 24 de marzo del corriente a\u00f1o con las medidas dispuestas el d\u00eda 26 de febrero de 2021, tendientes a frenar el crecimiento de casos.<\/p>\n\n\n\n<ul class=\"wp-block-list\"><li>Se exhorta evitar aglomeraciones y permanencia en espacios abiertos o cerrados.<\/li><li>Cumplir estrictamente con las medidas sanitarias ya dispuestas como ser: uso obligatorio de tapa boca, alcohol en gel, lavado frecuente de manos y distanciamiento f\u00edsico.<\/li><li>Suspender todas las ceremonias religiosas (incluidos umbandas, etc.), autoriz\u00e1ndose, por \u00fanica vez, los d\u00edas 13, 14, 20 y 21 de marzo del corriente a\u00f1o, a un servicio religioso por d\u00eda o en su defecto 2 cada domingo, con separaci\u00f3n de 6 horas entre cada servicio, con las medidas sanitarias correspondientes (alcohol en gel, 30% de aforo del local, distanciamiento, listado de concurrentes, etc.).<\/li><li>Se recomienda permanecer en su domicilio y salir \u00fanicamente en casos de extrema necesidad.<\/li><li>Se establece el cierre de bares, restaurantes y ramas afines a las 00:00 horas.<\/li><li>Estricto control en eventos sociales, debiendo ser respetado el aforo establecido por el Ministerio de Salud P\u00fablica.<\/li><li>Suspensi\u00f3n de campeonatos y actividades deportivas que conlleven p\u00fablico. Se exhorta a realizar otras disciplinas que se puedan llevar a cabo en forma individual como ser: caminatas, bicicleta, etc.<\/li><li>Cierre de: Laguna de las Lavanderas, Parque Batlle y Campings de todo el Departamento; Paso de los Toros, San Gregorio de Polanco, Villa Ansina, Valle Ed\u00e9n y Balneario Ipor\u00e1: de 00:00 a 06:00 horas.<\/li><li>En los lugares referidos, no se permitir\u00e1 acampar y en los parrilleros \u00fanicamente se permite su uso familiar hasta las 00:00 horas.<\/li><li>Se reitera que sigue vigente la prohibici\u00f3n de velatorios y se exhorta a las Empresas Funerarias y a los particulares que en los sepelios no se admita la concurrencia y acompa\u00f1amiento de personas que no sean familiares directos del fallecido, mientras dure la emergencia sanitaria.<br>Las presentes medidas est\u00e1n sujetas a los cambios y\/o demandas que genere la presente emergencia.<br>Una vez m\u00e1s se apela a la conducta solidaria de la poblaci\u00f3n, dando cumplimiento a las medidas dispuestas.<br>Evitar el avance del coronavirus es compromiso de todos<\/li><\/ul>\n","protected":false},"excerpt":{"rendered":"<p>Reunido el Comit\u00e9 de Emergencia Departamental, por continuar nuestro Departamento en zona roja seg\u00fan el \u00cdndice de Harvard, resolvi\u00f3 seguir hasta el d\u00eda 24 de marzo del corriente a\u00f1o con las medidas dispuestas el d\u00eda 26 de febrero de 2021<\/p>\n","protected":false},"author":3,"featured_media":10770,"comment_status":"open","ping_status":"open","sticky":false,"template":"","format":"standard","meta":{"_eb_attr":"","footnotes":""},"categories":[16],"tags":[],"class_list":{"0":"post-10832","1":"post","2":"type-post","3":"status-publish","4":"format-standard","5":"has-post-thumbnail","7":"category-noticias"},"_links":{"self":[{"href":"https:\/\/tacuarembo.gub.uy\/index.php?rest_route=\/wp\/v2\/posts\/10832","targetHints":{"allow":["GET"]}}],"collection":[{"href":"https:\/\/tacuarembo.gub.uy\/index.php?rest_route=\/wp\/v2\/posts"}],"about":[{"href":"https:\/\/tacuarembo.gub.uy\/index.php?rest_route=\/wp\/v2\/types\/post"}],"author":[{"embeddable":true,"href":"https:\/\/tacuarembo.gub.uy\/index.php?rest_route=\/wp\/v2\/users\/3"}],"replies":[{"embeddable":true,"href":"https:\/\/tacuarembo.gub.uy\/index.php?rest_route=%2Fwp%2Fv2%2Fcomments&post=10832"}],"version-history":[{"count":1,"href":"https:\/\/tacuarembo.gub.uy\/index.php?rest_route=\/wp\/v2\/posts\/10832\/revisions"}],"predecessor-version":[{"id":10833,"href":"https:\/\/tacuarembo.gub.uy\/index.php?rest_route=\/wp\/v2\/posts\/10832\/revisions\/10833"}],"wp:featuredmedia":[{"embeddable":true,"href":"https:\/\/tacuarembo.gub.uy\/index.php?rest_route=\/wp\/v2\/media\/10770"}],"wp:attachment":[{"href":"https:\/\/tacuarembo.gub.uy\/index.php?rest_route=%2Fwp%2Fv2%2Fmedia&parent=10832"}],"wp:term":[{"taxonomy":"category","embeddable":true,"href":"https:\/\/tacuarembo.gub.uy\/index.php?rest_route=%2Fwp%2Fv2%2Fcategories&post=10832"},{"taxonomy":"post_tag","embeddable":true,"href":"https:\/\/tacuarembo.gub.uy\/index.php?rest_route=%2Fwp%2Fv2%2Ftags&post=10832"}],"curies":[{"name":"wp","href":"https:\/\/api.w.org\/{rel}","templated":true}]}}