{"id":10804,"date":"2021-03-04T14:12:50","date_gmt":"2021-03-04T17:12:50","guid":{"rendered":"https:\/\/tacuarembo.gub.uy\/?p=10804"},"modified":"2021-03-04T14:12:50","modified_gmt":"2021-03-04T17:12:50","slug":"tacuarembo-tiene-mucho-para-descubrir","status":"publish","type":"post","link":"https:\/\/tacuarembo.gub.uy\/?p=10804","title":{"rendered":"Tacuaremb\u00f3 tiene mucho para descubrir"},"content":{"rendered":"\n<p>El Ministro de Turismo German Cardoso visit\u00f3 nuestra ciudad para reunirse con el secretario general de la Intendencia, Dr. Jos\u00e9 O. Men\u00e9ndez, los alcaldes del departamento Luis Irigoin de Paso de los Toros, Ana Camejo de Villa Ansina, Asdr\u00fabal Rodriguez de San Gregorio de Polanco y el Director de Turismo Marcelo Crespi. Sobre la mesa varios temas con el objetivo de potenciar nuestros destinos en un contexto regional con la Patria Gaucha como gran referencia y crear un inventario de la oferta a todo nivel, en modo de cercan\u00eda con los operadores y referentes de los diversos emprendimientos a los efectos de mejorar la calidad del servicio y tratar de poner a Tacuaremb\u00f3 en el inter\u00e9s del visitante para que llegue a estos pagos ya pensando en el tiempo post pandemia, donde todo indica que los destinos que ofrezcan paz, tranquilidad, seguridad, aire puro, contacto con la naturaleza ser\u00e1n los demandados por el turista seg\u00fan indican los expertos.<\/p>\n\n\n\n<figure class=\"wp-block-image size-large\"><img loading=\"lazy\" decoding=\"async\" width=\"800\" height=\"420\" src=\"https:\/\/tacuarembo.gub.uy\/wp-content\/uploads\/WhatsApp-Image-2021-03-04-at-13.58.111-800x420.jpeg\" alt=\"\" class=\"wp-image-10805\"\/><\/figure>\n\n\n\n<figure class=\"wp-block-image size-large\"><img loading=\"lazy\" decoding=\"async\" width=\"800\" height=\"420\" src=\"https:\/\/tacuarembo.gub.uy\/wp-content\/uploads\/WhatsApp-Image-2021-03-04-at-13.58.112-800x420.jpeg\" alt=\"\" class=\"wp-image-10809\"\/><\/figure>\n\n\n\n<figure class=\"wp-block-image size-large\"><img loading=\"lazy\" decoding=\"async\" width=\"800\" height=\"420\" src=\"https:\/\/tacuarembo.gub.uy\/wp-content\/uploads\/WhatsApp-Image-2021-03-04-at-13.58.11-800x420.jpeg\" alt=\"\" class=\"wp-image-10807\"\/><\/figure>\n\n\n\n<figure class=\"wp-block-image size-large\"><img loading=\"lazy\" decoding=\"async\" width=\"800\" height=\"420\" src=\"https:\/\/tacuarembo.gub.uy\/wp-content\/uploads\/WhatsApp-Image-2021-03-04-at-13.58.121-800x420.jpeg\" alt=\"\" class=\"wp-image-10808\"\/><\/figure>\n\n\n\n<figure class=\"wp-block-image size-large\"><img loading=\"lazy\" decoding=\"async\" width=\"800\" height=\"420\" src=\"https:\/\/tacuarembo.gub.uy\/wp-content\/uploads\/WhatsApp-Image-2021-03-04-at-13.58.12-800x420.jpeg\" alt=\"\" class=\"wp-image-10806\"\/><\/figure>\n\n\n\n<figure class=\"wp-block-image size-large\"><img loading=\"lazy\" decoding=\"async\" width=\"800\" height=\"420\" src=\"https:\/\/tacuarembo.gub.uy\/wp-content\/uploads\/WhatsApp-Image-2021-03-04-at-13.58.13-800x420.jpeg\" alt=\"\" class=\"wp-image-10813\"\/><\/figure>\n\n\n\n<figure class=\"wp-block-image size-large\"><img loading=\"lazy\" decoding=\"async\" width=\"800\" height=\"420\" src=\"https:\/\/tacuarembo.gub.uy\/wp-content\/uploads\/WhatsApp-Image-2021-03-04-at-13.58.151-800x420.jpeg\" alt=\"\" class=\"wp-image-10810\"\/><\/figure>\n\n\n\n<figure class=\"wp-block-image size-large\"><img loading=\"lazy\" decoding=\"async\" width=\"800\" height=\"420\" src=\"https:\/\/tacuarembo.gub.uy\/wp-content\/uploads\/WhatsApp-Image-2021-03-04-at-13.58.15-800x420.jpeg\" alt=\"\" class=\"wp-image-10811\"\/><\/figure>\n\n\n\n<figure class=\"wp-block-image size-large\"><img loading=\"lazy\" decoding=\"async\" width=\"800\" height=\"420\" src=\"https:\/\/tacuarembo.gub.uy\/wp-content\/uploads\/WhatsApp-Image-2021-03-04-at-13.58.16-800x420.jpeg\" alt=\"\" class=\"wp-image-10814\"\/><\/figure>\n","protected":false},"excerpt":{"rendered":"<p>El Ministro de Turismo German Cardoso visit\u00f3 nuestra ciudad para reunirse con el secretario general de la Intendencia, Dr. Jos\u00e9 O. Men\u00e9ndez, los alcaldes del departamento Luis Irigoin de Paso de los Toros, Ana Camejo de Villa Ansina, Asdr\u00fabal Rodriguez de San Gregorio de Polanco y el Director de Turismo Marcelo Crespi<\/p>\n","protected":false},"author":3,"featured_media":10807,"comment_status":"open","ping_status":"open","sticky":false,"template":"","format":"standard","meta":{"_eb_attr":"","footnotes":""},"categories":[16],"tags":[],"class_list":{"0":"post-10804","1":"post","2":"type-post","3":"status-publish","4":"format-standard","5":"has-post-thumbnail","7":"category-noticias"},"_links":{"self":[{"href":"https:\/\/tacuarembo.gub.uy\/index.php?rest_route=\/wp\/v2\/posts\/10804","targetHints":{"allow":["GET"]}}],"collection":[{"href":"https:\/\/tacuarembo.gub.uy\/index.php?rest_route=\/wp\/v2\/posts"}],"about":[{"href":"https:\/\/tacuarembo.gub.uy\/index.php?rest_route=\/wp\/v2\/types\/post"}],"author":[{"embeddable":true,"href":"https:\/\/tacuarembo.gub.uy\/index.php?rest_route=\/wp\/v2\/users\/3"}],"replies":[{"embeddable":true,"href":"https:\/\/tacuarembo.gub.uy\/index.php?rest_route=%2Fwp%2Fv2%2Fcomments&post=10804"}],"version-history":[{"count":1,"href":"https:\/\/tacuarembo.gub.uy\/index.php?rest_route=\/wp\/v2\/posts\/10804\/revisions"}],"predecessor-version":[{"id":10823,"href":"https:\/\/tacuarembo.gub.uy\/index.php?rest_route=\/wp\/v2\/posts\/10804\/revisions\/10823"}],"wp:featuredmedia":[{"embeddable":true,"href":"https:\/\/tacuarembo.gub.uy\/index.php?rest_route=\/wp\/v2\/media\/10807"}],"wp:attachment":[{"href":"https:\/\/tacuarembo.gub.uy\/index.php?rest_route=%2Fwp%2Fv2%2Fmedia&parent=10804"}],"wp:term":[{"taxonomy":"category","embeddable":true,"href":"https:\/\/tacuarembo.gub.uy\/index.php?rest_route=%2Fwp%2Fv2%2Fcategories&post=10804"},{"taxonomy":"post_tag","embeddable":true,"href":"https:\/\/tacuarembo.gub.uy\/index.php?rest_route=%2Fwp%2Fv2%2Ftags&post=10804"}],"curies":[{"name":"wp","href":"https:\/\/api.w.org\/{rel}","templated":true}]}}