{"id":10798,"date":"2021-03-02T17:40:50","date_gmt":"2021-03-02T20:40:50","guid":{"rendered":"https:\/\/tacuarembo.gub.uy\/?p=10798"},"modified":"2021-03-02T17:40:50","modified_gmt":"2021-03-02T20:40:50","slug":"estudiantes-admitidos-en-hogar-estudiantil-tacuarembo","status":"publish","type":"post","link":"https:\/\/tacuarembo.gub.uy\/?p=10798","title":{"rendered":"Estudiantes admitidos en Hogar Estudiantil Tacuaremb\u00f3"},"content":{"rendered":"\n<p>La Dir.Gral. de Desarrollo Social, Asistencia Social informa la n\u00f3mina de estudiantes admitidos para Beca Alojamiento de Hogar Estudiantil Tacuaremb\u00f3 para el a\u00f1o en curso: Fiorella \u00c1lvarez Acu\u00f1a, Tariza Silva Centuri\u00f3n, Paulino Silva Centuri\u00f3n, Nayelly Coitinho Alves, Yanahina Techeira Ferreira, Erly Castro Lemos, Manuel Ferr\u00f3n Rodr\u00edguez Sotto, Emelin Idiarte Mesa, Ingrid Cabrera Sempert, Mariana Rocha Ram\u00edrez, Jesica Vique Monz\u00f3n, Fernanda Lemos Pareja, Nadia P\u00e9rez Alvarez, Alirio Gonz\u00e1lez Sotto, V\u00edctor Viana Rodr\u00edguez, Ackinson N\u00fa\u00f1ez de Moraes Lima, Jos\u00e9 Tito Meirelles, Leticia Rodr\u00edguez Barreto, Lucas Rivero Fraga, Juan Pi\u00f1eiro da Rosa, Tadeo Ferreiro Cenoz, Darwin Lemos Miqueiro, Leandro Manzoni Fag\u00fandez, Bryan Espinosa Mendaro, Brandon Correa Mendaro, Alison N\u00fa\u00f1ez y Ana N\u00fa\u00f1ez.<\/p>\n","protected":false},"excerpt":{"rendered":"<p>La Dir.Gral. de Desarrollo Social, Asistencia Social informa la n\u00f3mina de estudiantes admitidos para Beca Alojamiento de Hogar Estudiantil Tacuaremb\u00f3 para el a\u00f1o en curso<\/p>\n","protected":false},"author":3,"featured_media":10796,"comment_status":"open","ping_status":"open","sticky":false,"template":"","format":"standard","meta":{"_eb_attr":"","footnotes":""},"categories":[16],"tags":[],"class_list":{"0":"post-10798","1":"post","2":"type-post","3":"status-publish","4":"format-standard","5":"has-post-thumbnail","7":"category-noticias"},"_links":{"self":[{"href":"https:\/\/tacuarembo.gub.uy\/index.php?rest_route=\/wp\/v2\/posts\/10798","targetHints":{"allow":["GET"]}}],"collection":[{"href":"https:\/\/tacuarembo.gub.uy\/index.php?rest_route=\/wp\/v2\/posts"}],"about":[{"href":"https:\/\/tacuarembo.gub.uy\/index.php?rest_route=\/wp\/v2\/types\/post"}],"author":[{"embeddable":true,"href":"https:\/\/tacuarembo.gub.uy\/index.php?rest_route=\/wp\/v2\/users\/3"}],"replies":[{"embeddable":true,"href":"https:\/\/tacuarembo.gub.uy\/index.php?rest_route=%2Fwp%2Fv2%2Fcomments&post=10798"}],"version-history":[{"count":1,"href":"https:\/\/tacuarembo.gub.uy\/index.php?rest_route=\/wp\/v2\/posts\/10798\/revisions"}],"predecessor-version":[{"id":10799,"href":"https:\/\/tacuarembo.gub.uy\/index.php?rest_route=\/wp\/v2\/posts\/10798\/revisions\/10799"}],"wp:featuredmedia":[{"embeddable":true,"href":"https:\/\/tacuarembo.gub.uy\/index.php?rest_route=\/wp\/v2\/media\/10796"}],"wp:attachment":[{"href":"https:\/\/tacuarembo.gub.uy\/index.php?rest_route=%2Fwp%2Fv2%2Fmedia&parent=10798"}],"wp:term":[{"taxonomy":"category","embeddable":true,"href":"https:\/\/tacuarembo.gub.uy\/index.php?rest_route=%2Fwp%2Fv2%2Fcategories&post=10798"},{"taxonomy":"post_tag","embeddable":true,"href":"https:\/\/tacuarembo.gub.uy\/index.php?rest_route=%2Fwp%2Fv2%2Ftags&post=10798"}],"curies":[{"name":"wp","href":"https:\/\/api.w.org\/{rel}","templated":true}]}}