{"id":10795,"date":"2021-03-02T17:39:15","date_gmt":"2021-03-02T20:39:15","guid":{"rendered":"https:\/\/tacuarembo.gub.uy\/?p=10795"},"modified":"2021-03-02T17:39:15","modified_gmt":"2021-03-02T20:39:15","slug":"estudiantes-admitidos-en-hogar-universitario-en-montevideo","status":"publish","type":"post","link":"https:\/\/tacuarembo.gub.uy\/?p=10795","title":{"rendered":"Estudiantes admitidos en Hogar Universitario en Montevideo"},"content":{"rendered":"\n<p>La Dir.Gral de Desarrollo Social, Asistencia Social informa la n\u00f3mina de estudiantes admitidos para Beca Alojamiento en Hogar Universitario de Tacuaremb\u00f3 en Montevideo para el a\u00f1o en curso:<\/p>\n\n\n\n<ul class=\"wp-block-list\"><li>Hogar Femenino, Convenci\u00f3n 1330: Mar\u00eda Constanza Formoso, Wendy Naielly P\u00e9rez Ramos, Nataly Florencia Ferreira Pereira das Neves, Elena Caterin Presa Rodr\u00edguez, Cleidy Magaly P\u00e9rez da Costa, P\u00eda Fernanda Gularte N\u00fa\u00f1ez y Nataly Camila Duarte N\u00fa\u00f1ez.<\/li><li>Hogar Mixto Orestes Ara\u00fajo: Julio Abelardo Debia Maneiro, Alejandro Michel Su\u00e1rez Parra, Paula Tatiana M\u00e9ndez Leites, N\u00e9lida Bel\u00e9n Borgeaud Segui, Jon\u00e1s Emanuel Gastambide Rodr\u00edguez, Krishna Willhem de Melo Curbelo, Franco Andr\u00e9s Gonz\u00e1lez P\u00e9rez, Silvana Antonella Colombino Ferreira, Leidy Marianella Telesca Barrios, Paulo Aldair, Barboza Rosa, Felipe Agust\u00edn Mederos D\u00edaz, Emilia Raquel Motta Machado y Paula Agustina Rodr\u00edguez Alaniz.<\/li><\/ul>\n","protected":false},"excerpt":{"rendered":"<p>La Dir.Gral de Desarrollo Social, Asistencia Social informa la n\u00f3mina de estudiantes admitidos para Beca Alojamiento en Hogar Universitario de Tacuaremb\u00f3 en Montevideo para el a\u00f1o en curso<\/p>\n","protected":false},"author":3,"featured_media":10796,"comment_status":"open","ping_status":"open","sticky":false,"template":"","format":"standard","meta":{"_eb_attr":"","footnotes":""},"categories":[16],"tags":[],"class_list":{"0":"post-10795","1":"post","2":"type-post","3":"status-publish","4":"format-standard","5":"has-post-thumbnail","7":"category-noticias"},"_links":{"self":[{"href":"https:\/\/tacuarembo.gub.uy\/index.php?rest_route=\/wp\/v2\/posts\/10795","targetHints":{"allow":["GET"]}}],"collection":[{"href":"https:\/\/tacuarembo.gub.uy\/index.php?rest_route=\/wp\/v2\/posts"}],"about":[{"href":"https:\/\/tacuarembo.gub.uy\/index.php?rest_route=\/wp\/v2\/types\/post"}],"author":[{"embeddable":true,"href":"https:\/\/tacuarembo.gub.uy\/index.php?rest_route=\/wp\/v2\/users\/3"}],"replies":[{"embeddable":true,"href":"https:\/\/tacuarembo.gub.uy\/index.php?rest_route=%2Fwp%2Fv2%2Fcomments&post=10795"}],"version-history":[{"count":1,"href":"https:\/\/tacuarembo.gub.uy\/index.php?rest_route=\/wp\/v2\/posts\/10795\/revisions"}],"predecessor-version":[{"id":10797,"href":"https:\/\/tacuarembo.gub.uy\/index.php?rest_route=\/wp\/v2\/posts\/10795\/revisions\/10797"}],"wp:featuredmedia":[{"embeddable":true,"href":"https:\/\/tacuarembo.gub.uy\/index.php?rest_route=\/wp\/v2\/media\/10796"}],"wp:attachment":[{"href":"https:\/\/tacuarembo.gub.uy\/index.php?rest_route=%2Fwp%2Fv2%2Fmedia&parent=10795"}],"wp:term":[{"taxonomy":"category","embeddable":true,"href":"https:\/\/tacuarembo.gub.uy\/index.php?rest_route=%2Fwp%2Fv2%2Fcategories&post=10795"},{"taxonomy":"post_tag","embeddable":true,"href":"https:\/\/tacuarembo.gub.uy\/index.php?rest_route=%2Fwp%2Fv2%2Ftags&post=10795"}],"curies":[{"name":"wp","href":"https:\/\/api.w.org\/{rel}","templated":true}]}}