{"id":10792,"date":"2021-03-02T16:55:29","date_gmt":"2021-03-02T19:55:29","guid":{"rendered":"https:\/\/tacuarembo.gub.uy\/?p=10792"},"modified":"2021-03-02T16:55:29","modified_gmt":"2021-03-02T19:55:29","slug":"laguna-de-las-lavanderas-3-y-4-de-marzo-cerrada-al-publico","status":"publish","type":"post","link":"https:\/\/tacuarembo.gub.uy\/?p=10792","title":{"rendered":"Laguna de las Lavanderas, 3 y 4 de marzo cerrada al publico"},"content":{"rendered":"\n<p>La Intendencia de Tacuaremb\u00f3, informa a la poblaci\u00f3n, que el predio de la Laguna de las Lavanderas permanecer\u00e1 cerrado al p\u00fablico en general, durante los d\u00edas mi\u00e9rcoles 3 y jueves 4 de marzo, debido a que en el lugar se realizar\u00e1 el rodaje audiovisual que grabar\u00e1 el Sodre y el Ministerio de Turismo, en el marco del homenaje virtual que se emitir\u00e1 pr\u00f3ximamente, dedicado a la Fiesta de la Patria Gaucha.<\/p>\n","protected":false},"excerpt":{"rendered":"<p>La Intendencia de Tacuaremb\u00f3, informa a la poblaci\u00f3n, que el predio de la Laguna de las Lavanderas permanecer\u00e1 cerrado al p\u00fablico en general, durante los d\u00edas mi\u00e9rcoles 3 y jueves 4 de marzo, debido a que en el lugar se realizar\u00e1 el rodaje audiovisual que grabar\u00e1 el Sodre y el Ministerio de Turismo<\/p>\n","protected":false},"author":3,"featured_media":10793,"comment_status":"open","ping_status":"open","sticky":false,"template":"","format":"standard","meta":{"_eb_attr":"","footnotes":""},"categories":[16],"tags":[],"class_list":{"0":"post-10792","1":"post","2":"type-post","3":"status-publish","4":"format-standard","5":"has-post-thumbnail","7":"category-noticias"},"_links":{"self":[{"href":"https:\/\/tacuarembo.gub.uy\/index.php?rest_route=\/wp\/v2\/posts\/10792","targetHints":{"allow":["GET"]}}],"collection":[{"href":"https:\/\/tacuarembo.gub.uy\/index.php?rest_route=\/wp\/v2\/posts"}],"about":[{"href":"https:\/\/tacuarembo.gub.uy\/index.php?rest_route=\/wp\/v2\/types\/post"}],"author":[{"embeddable":true,"href":"https:\/\/tacuarembo.gub.uy\/index.php?rest_route=\/wp\/v2\/users\/3"}],"replies":[{"embeddable":true,"href":"https:\/\/tacuarembo.gub.uy\/index.php?rest_route=%2Fwp%2Fv2%2Fcomments&post=10792"}],"version-history":[{"count":1,"href":"https:\/\/tacuarembo.gub.uy\/index.php?rest_route=\/wp\/v2\/posts\/10792\/revisions"}],"predecessor-version":[{"id":10794,"href":"https:\/\/tacuarembo.gub.uy\/index.php?rest_route=\/wp\/v2\/posts\/10792\/revisions\/10794"}],"wp:featuredmedia":[{"embeddable":true,"href":"https:\/\/tacuarembo.gub.uy\/index.php?rest_route=\/wp\/v2\/media\/10793"}],"wp:attachment":[{"href":"https:\/\/tacuarembo.gub.uy\/index.php?rest_route=%2Fwp%2Fv2%2Fmedia&parent=10792"}],"wp:term":[{"taxonomy":"category","embeddable":true,"href":"https:\/\/tacuarembo.gub.uy\/index.php?rest_route=%2Fwp%2Fv2%2Fcategories&post=10792"},{"taxonomy":"post_tag","embeddable":true,"href":"https:\/\/tacuarembo.gub.uy\/index.php?rest_route=%2Fwp%2Fv2%2Ftags&post=10792"}],"curies":[{"name":"wp","href":"https:\/\/api.w.org\/{rel}","templated":true}]}}