{"id":10769,"date":"2021-02-26T12:22:05","date_gmt":"2021-02-26T15:22:05","guid":{"rendered":"https:\/\/tacuarembo.gub.uy\/?p=10769"},"modified":"2021-02-26T13:51:22","modified_gmt":"2021-02-26T16:51:22","slug":"nuevas-medidas-resueltas-por-cecoed-ante-el-avance-de-covid-19-en-nuestro-departamento","status":"publish","type":"post","link":"https:\/\/tacuarembo.gub.uy\/?p=10769","title":{"rendered":"Nuevas medidas resueltas por CECOED ante el avance de Covid 19 en nuestro departamento"},"content":{"rendered":"\n<p>Reunido el Comit\u00e9 de Emergencia Departamental por encontrarse nuestro departamento en zona roja seg\u00fan el \u00cdndice de Harvard, resolvi\u00f3 recomendar las siguientes medidas tendientes a frenar el crecimiento de casos:<\/p>\n\n\n\n<ul class=\"wp-block-list\"><li>Se exhorta evitar aglomeraciones y permanencia en espacios abiertos o cerrados.<\/li><li>Cumplir estrictamente con las medidas sanitarias ya dispuestas como ser: uso obligatorio de tapa bocas, alcohol en gel, lavado frecuente de manos y distanciamiento f\u00edsico.<\/li><li>Suspender todas las ceremonias religiosas (incluidos umbandas, etc.).<\/li><li>Se recomienda permanecer en su domicilio y salir \u00fanicamente en casos de extrema necesidad.<\/li><li>Se establece el cierre de bares, restaurantes y ramas afines a las 00:00 horas.<\/li><li>Estricto control en eventos sociales, debiendo ser respetado el aforo establecido por el Ministerio de Salud P\u00fablica.<\/li><li>Suspensi\u00f3n de campeonatos y actividades deportivas que conlleven p\u00fablico. Se exhorta a realizar otras disciplinas que se puedan llevar a cabo en forma individual como ser: caminatas, bicicleta, etc.<\/li><li>Cierre de: Laguna de las Lavanderas, Parque Batlle y Campings de todo el Departamento (Paso de los Toros, San Gregorio de Polanco, Villa Ansina, Valle Ed\u00e9n y Balneario Ipor\u00e1), de 00:00 a 06:00 horas.<br>En los lugares referidos, no se permitir\u00e1 acampar y en los parrilleros \u00fanicamente se permite su uso familiar hasta las 00:00 horas.<br>Las presentes medidas tienen vigencia hasta el 10 de marzo de 2021 sujeta a los cambios y\/o demandas que genere la presente emergencia.<br>Una vez m\u00e1s se apela a la conducta solidaria de la poblaci\u00f3n, dando cumplimiento a las medidas dispuestas. Evitar el avance del coronavirus es compromiso de todos.<\/li><\/ul>\n\n\n\n<figure class=\"wp-block-image size-full\"><img loading=\"lazy\" decoding=\"async\" width=\"720\" height=\"1280\" src=\"https:\/\/tacuarembo.gub.uy\/wp-content\/uploads\/WhatsApp-Image-2021-02-26-at-12.51.27.jpeg\" alt=\"\" class=\"wp-image-10775\"\/><\/figure>\n","protected":false},"excerpt":{"rendered":"<p>Reunido el Comit\u00e9 de Emergencia Departamental por encontrarse nuestro departamento en zona roja seg\u00fan el \u00cdndice de Harvard, resolvi\u00f3 recomendar las siguientes medidas tendientes a frenar el crecimiento de casos<\/p>\n","protected":false},"author":3,"featured_media":10770,"comment_status":"open","ping_status":"open","sticky":false,"template":"","format":"standard","meta":{"_eb_attr":"","footnotes":""},"categories":[16],"tags":[],"class_list":{"0":"post-10769","1":"post","2":"type-post","3":"status-publish","4":"format-standard","5":"has-post-thumbnail","7":"category-noticias"},"_links":{"self":[{"href":"https:\/\/tacuarembo.gub.uy\/index.php?rest_route=\/wp\/v2\/posts\/10769","targetHints":{"allow":["GET"]}}],"collection":[{"href":"https:\/\/tacuarembo.gub.uy\/index.php?rest_route=\/wp\/v2\/posts"}],"about":[{"href":"https:\/\/tacuarembo.gub.uy\/index.php?rest_route=\/wp\/v2\/types\/post"}],"author":[{"embeddable":true,"href":"https:\/\/tacuarembo.gub.uy\/index.php?rest_route=\/wp\/v2\/users\/3"}],"replies":[{"embeddable":true,"href":"https:\/\/tacuarembo.gub.uy\/index.php?rest_route=%2Fwp%2Fv2%2Fcomments&post=10769"}],"version-history":[{"count":2,"href":"https:\/\/tacuarembo.gub.uy\/index.php?rest_route=\/wp\/v2\/posts\/10769\/revisions"}],"predecessor-version":[{"id":10776,"href":"https:\/\/tacuarembo.gub.uy\/index.php?rest_route=\/wp\/v2\/posts\/10769\/revisions\/10776"}],"wp:featuredmedia":[{"embeddable":true,"href":"https:\/\/tacuarembo.gub.uy\/index.php?rest_route=\/wp\/v2\/media\/10770"}],"wp:attachment":[{"href":"https:\/\/tacuarembo.gub.uy\/index.php?rest_route=%2Fwp%2Fv2%2Fmedia&parent=10769"}],"wp:term":[{"taxonomy":"category","embeddable":true,"href":"https:\/\/tacuarembo.gub.uy\/index.php?rest_route=%2Fwp%2Fv2%2Fcategories&post=10769"},{"taxonomy":"post_tag","embeddable":true,"href":"https:\/\/tacuarembo.gub.uy\/index.php?rest_route=%2Fwp%2Fv2%2Ftags&post=10769"}],"curies":[{"name":"wp","href":"https:\/\/api.w.org\/{rel}","templated":true}]}}