{"id":10706,"date":"2021-02-01T12:19:17","date_gmt":"2021-02-01T15:19:17","guid":{"rendered":"https:\/\/tacuarembo.gub.uy\/?p=10706"},"modified":"2021-02-01T12:19:17","modified_gmt":"2021-02-01T15:19:17","slug":"ministro-pablo-bartol-visita-tacuarembo","status":"publish","type":"post","link":"https:\/\/tacuarembo.gub.uy\/?p=10706","title":{"rendered":"Ministro Pablo Bartol visita Tacuaremb\u00f3"},"content":{"rendered":"\n<p>El Ministro de Desarrollo Social, Pablo Bartol, los d\u00edas mi\u00e9rcoles 3 y jueves 4 de febrero visitar\u00e1 Tacuaremb\u00f3, desarrollando la siguiente agenda:<\/p>\n\n\n\n<p>Mi\u00e9rcoles 3:<br>-13:00hrs reuni\u00f3n con Alcalde de Paso de los Toros e integrantes del Consejo.<\/p>\n\n\n\n<p>-14:00hrs reuni\u00f3n con equipo de Mides local en la oficina local de Paso de los Toros.<\/p>\n\n\n\n<p>-16:30hrs reuni\u00f3n con Equipo de Direcci\u00f3n y referentes de programas en la sede local del Mides.<\/p>\n\n\n\n<p>-18:00hrs recorrida por vertedero municipal.<\/p>\n\n\n\n<p>-19:00hrs recorrida por Barrio San Gabriel.<\/p>\n\n\n\n<p>Jueves 4:<br>-9:00hrs reuni\u00f3n con Gerencia de RRHH de la empresa LUMIN, presentaci\u00f3n de proyectos trabajados en conjunto, en sede local del Mides.<\/p>\n\n\n\n<p>-10:30hrs reuni\u00f3n con Intendente Departamental en Intendencia.<\/p>\n\n\n\n<p>-11:00hrs conferencia de prensa en el Despacho Principal<\/p>\n\n\n\n<p>-14:00hrs recorrida por campus universitario y reuni\u00f3n con parte del equipo de trabajo Mides-Udelar conformado en 2020.<\/p>\n\n\n\n<p>-15:00hrs visita al Centro Siempre Arco\u00edris.<\/p>\n\n\n\n<p>-15:45hrs visita al Centro de Estad\u00eda Transitoria para personas en situaci\u00f3n de calle (SPF-MIDES-IDT).<\/p>\n","protected":false},"excerpt":{"rendered":"<p>El Ministro de Desarrollo Social, Pablo Bartol, los d\u00edas mi\u00e9rcoles 3 y jueves 4 de febrero visitar\u00e1 Tacuaremb\u00f3, desarrollando la siguiente agenda<\/p>\n","protected":false},"author":3,"featured_media":10707,"comment_status":"open","ping_status":"open","sticky":false,"template":"","format":"standard","meta":{"_eb_attr":"","footnotes":""},"categories":[16],"tags":[],"class_list":{"0":"post-10706","1":"post","2":"type-post","3":"status-publish","4":"format-standard","5":"has-post-thumbnail","7":"category-noticias"},"_links":{"self":[{"href":"https:\/\/tacuarembo.gub.uy\/index.php?rest_route=\/wp\/v2\/posts\/10706","targetHints":{"allow":["GET"]}}],"collection":[{"href":"https:\/\/tacuarembo.gub.uy\/index.php?rest_route=\/wp\/v2\/posts"}],"about":[{"href":"https:\/\/tacuarembo.gub.uy\/index.php?rest_route=\/wp\/v2\/types\/post"}],"author":[{"embeddable":true,"href":"https:\/\/tacuarembo.gub.uy\/index.php?rest_route=\/wp\/v2\/users\/3"}],"replies":[{"embeddable":true,"href":"https:\/\/tacuarembo.gub.uy\/index.php?rest_route=%2Fwp%2Fv2%2Fcomments&post=10706"}],"version-history":[{"count":1,"href":"https:\/\/tacuarembo.gub.uy\/index.php?rest_route=\/wp\/v2\/posts\/10706\/revisions"}],"predecessor-version":[{"id":10708,"href":"https:\/\/tacuarembo.gub.uy\/index.php?rest_route=\/wp\/v2\/posts\/10706\/revisions\/10708"}],"wp:featuredmedia":[{"embeddable":true,"href":"https:\/\/tacuarembo.gub.uy\/index.php?rest_route=\/wp\/v2\/media\/10707"}],"wp:attachment":[{"href":"https:\/\/tacuarembo.gub.uy\/index.php?rest_route=%2Fwp%2Fv2%2Fmedia&parent=10706"}],"wp:term":[{"taxonomy":"category","embeddable":true,"href":"https:\/\/tacuarembo.gub.uy\/index.php?rest_route=%2Fwp%2Fv2%2Fcategories&post=10706"},{"taxonomy":"post_tag","embeddable":true,"href":"https:\/\/tacuarembo.gub.uy\/index.php?rest_route=%2Fwp%2Fv2%2Ftags&post=10706"}],"curies":[{"name":"wp","href":"https:\/\/api.w.org\/{rel}","templated":true}]}}