{"id":10698,"date":"2021-01-29T19:55:58","date_gmt":"2021-01-29T22:55:58","guid":{"rendered":"https:\/\/tacuarembo.gub.uy\/?p=10698"},"modified":"2021-01-29T19:56:49","modified_gmt":"2021-01-29T22:56:49","slug":"la-intendencia-tiende-puentes-de-cercania","status":"publish","type":"post","link":"https:\/\/tacuarembo.gub.uy\/?p=10698","title":{"rendered":"La Intendencia tiende Puentes de cercan\u00eda"},"content":{"rendered":"\n<p>La Intendencia est\u00e1 asistiendo con alimentaci\u00f3n a las personas que est\u00e1n en cuarentena y as\u00ed lo requieran, para acceder al beneficio, un familiar de la persona portadora de Covid, debe de realizar el tr\u00e1mite en la direcci\u00f3n de Desarrollo Social y luego retirar la vianda en el comedor de su barrio. Desde Intendencia de Tacuaremb\u00f3 a trav\u00e9s de la Direcci\u00f3n General de Desarrollo Social tambi\u00e9n se viene tendiendo puentes de cercan\u00eda con los vecinos de las zonas rurales, en \u00e9sta oportunidad, se verific\u00f3 una reuni\u00f3n con vecinos de \u00abCuchilla Casa de Piedra\u00bb donde se recogi\u00f3 diversas necesidades, entre ellas \u201cElectrificaci\u00f3n rural\u201d. En la ocasi\u00f3n el Director Gral. Sergio Porcile y el Sub Director Pablo Paiva, estuvieron acompa\u00f1ados por el Coordinador de Juntas Locales Dr. H\u00e9ctor Espino y el Encargado de la Junta local de Laureles y Ca\u00f1as, Aparicio Cardozo, adem\u00e1s del Director del MIDES Ignacio Borad, la edil Pamela Toribio y el secretario Sebasti\u00e1n P\u00e1ez. En nuestra ciudad se ha comenzado un trabajo fuerte Centro de Barrio N\u00b06, brindando merienda a un promedio de 25 ni\u00f1os, en forma diaria donde el Mides su suma en el esfuerzo haciendo su aporte. Tambi\u00e9n esta semana en San Gregorio de Polanco se visit\u00f3, el emprendimiento del programa Ruralidad del Mides, donde ya se ven los frutos del trabajo de dicho grupo con la asistencia de Desarrollo Social de la Intendencia y el Ministerio. Tambi\u00e9n debemos destacar que se contin\u00faa coordinando esfuerzos para abordar las diferentes problem\u00e1ticas relacionadas a sus competencias en Achar y San Gregorio respectivamente. Puntualmente se visit\u00f3 familias que ya se encuentran dentro del PLAN GARDEL, all\u00ed se contemplan emergencias habitacionales puntuales tal es el caso en Achar. A la vez que se recorri\u00f3 el Comedor N\u00b0 83 de San Gregorio, el que brinda actualmente 383 plazas diarias, cubriendo a las familias m\u00e1s carenciadas de la zona. Adem\u00e1s esta semana se realizaron reuniones de coordinaci\u00f3n y de trabajo con la Junta Local de Achar y Municipio de San Gregorio.<\/p>\n\n\n\n<figure class=\"wp-block-image size-large\"><img loading=\"lazy\" decoding=\"async\" width=\"800\" height=\"420\" src=\"https:\/\/tacuarembo.gub.uy\/wp-content\/uploads\/IMG-20210129-WA0090-800x420.jpg\" alt=\"\" class=\"wp-image-10699\"\/><\/figure>\n\n\n\n<figure class=\"wp-block-image size-large\"><img loading=\"lazy\" decoding=\"async\" width=\"800\" height=\"420\" src=\"https:\/\/tacuarembo.gub.uy\/wp-content\/uploads\/IMG-20210129-WA0091-800x420.jpg\" alt=\"\" class=\"wp-image-10700\"\/><\/figure>\n\n\n\n<figure class=\"wp-block-image size-large\"><img loading=\"lazy\" decoding=\"async\" width=\"720\" height=\"420\" src=\"https:\/\/tacuarembo.gub.uy\/wp-content\/uploads\/IMG-20210129-WA0092-720x420.jpg\" alt=\"\" class=\"wp-image-10701\"\/><\/figure>\n\n\n\n<figure class=\"wp-block-image size-large\"><img loading=\"lazy\" decoding=\"async\" width=\"800\" height=\"353\" src=\"https:\/\/tacuarembo.gub.uy\/wp-content\/uploads\/IMG-20210129-WA0093-800x353.jpg\" alt=\"\" class=\"wp-image-10703\"\/><\/figure>\n","protected":false},"excerpt":{"rendered":"<p>La Intendencia est\u00e1 asistiendo con alimentaci\u00f3n a las personas que est\u00e1n en cuarentena y as\u00ed lo requieran, para acceder al beneficio, un familiar de la persona portadora de Covid, debe de realizar el tr\u00e1mite en la direcci\u00f3n de Desarrollo Social y luego retirar la vianda en el comedor de su barrio<\/p>\n","protected":false},"author":3,"featured_media":10701,"comment_status":"open","ping_status":"open","sticky":false,"template":"","format":"standard","meta":{"_eb_attr":"","footnotes":""},"categories":[16],"tags":[],"class_list":{"0":"post-10698","1":"post","2":"type-post","3":"status-publish","4":"format-standard","5":"has-post-thumbnail","7":"category-noticias"},"_links":{"self":[{"href":"https:\/\/tacuarembo.gub.uy\/index.php?rest_route=\/wp\/v2\/posts\/10698","targetHints":{"allow":["GET"]}}],"collection":[{"href":"https:\/\/tacuarembo.gub.uy\/index.php?rest_route=\/wp\/v2\/posts"}],"about":[{"href":"https:\/\/tacuarembo.gub.uy\/index.php?rest_route=\/wp\/v2\/types\/post"}],"author":[{"embeddable":true,"href":"https:\/\/tacuarembo.gub.uy\/index.php?rest_route=\/wp\/v2\/users\/3"}],"replies":[{"embeddable":true,"href":"https:\/\/tacuarembo.gub.uy\/index.php?rest_route=%2Fwp%2Fv2%2Fcomments&post=10698"}],"version-history":[{"count":2,"href":"https:\/\/tacuarembo.gub.uy\/index.php?rest_route=\/wp\/v2\/posts\/10698\/revisions"}],"predecessor-version":[{"id":10705,"href":"https:\/\/tacuarembo.gub.uy\/index.php?rest_route=\/wp\/v2\/posts\/10698\/revisions\/10705"}],"wp:featuredmedia":[{"embeddable":true,"href":"https:\/\/tacuarembo.gub.uy\/index.php?rest_route=\/wp\/v2\/media\/10701"}],"wp:attachment":[{"href":"https:\/\/tacuarembo.gub.uy\/index.php?rest_route=%2Fwp%2Fv2%2Fmedia&parent=10698"}],"wp:term":[{"taxonomy":"category","embeddable":true,"href":"https:\/\/tacuarembo.gub.uy\/index.php?rest_route=%2Fwp%2Fv2%2Fcategories&post=10698"},{"taxonomy":"post_tag","embeddable":true,"href":"https:\/\/tacuarembo.gub.uy\/index.php?rest_route=%2Fwp%2Fv2%2Ftags&post=10698"}],"curies":[{"name":"wp","href":"https:\/\/api.w.org\/{rel}","templated":true}]}}