{"id":10602,"date":"2021-01-11T10:30:10","date_gmt":"2021-01-11T13:30:10","guid":{"rendered":"https:\/\/tacuarembo.gub.uy\/?p=10602"},"modified":"2021-01-11T14:00:55","modified_gmt":"2021-01-11T17:00:55","slug":"fiscalizacion-de-vehiculos-a-partir-de-lunes-11-de-enero","status":"publish","type":"post","link":"https:\/\/tacuarembo.gub.uy\/?p=10602","title":{"rendered":"Fiscalizaci\u00f3n de veh\u00edculos a partir de lunes 11 de enero"},"content":{"rendered":"\n<p>La Intendencia de Tacuaremb\u00f3 informa a la poblaci\u00f3n, que hoy lunes 11 de enero, se comenz\u00f3 por parte de la Dir. Gral. de Tr\u00e1nsito y Transporte, con el cuerpo inspectivo, la tarea de fiscalizaci\u00f3n de veh\u00edculos con matr\u00edcula de otros departamentos; una vez que los mismos hayan sido notificados por el funcionario, se le otorgar\u00e1 un plazo de 30 d\u00edas h\u00e1biles para regularizar la situaci\u00f3n ante las oficinas de la citada direcci\u00f3n; destacando que luego de cumplidos los plazos establecidos se proceder\u00e1 al retiro de las chapas matr\u00edculas del veh\u00edculo.<\/p>\n","protected":false},"excerpt":{"rendered":"<p>La Intendencia de Tacuaremb\u00f3 informa a la poblaci\u00f3n, que hoy lunes 11 de enero, se comenz\u00f3 por parte de la Dir. Gral. de Tr\u00e1nsito y Transporte, con el cuerpo inspectivo, la tarea de fiscalizaci\u00f3n de veh\u00edculos con matr\u00edcula de otros departamentos<\/p>\n","protected":false},"author":3,"featured_media":10603,"comment_status":"open","ping_status":"open","sticky":false,"template":"","format":"standard","meta":{"_eb_attr":"","footnotes":""},"categories":[16],"tags":[],"class_list":{"0":"post-10602","1":"post","2":"type-post","3":"status-publish","4":"format-standard","5":"has-post-thumbnail","7":"category-noticias"},"_links":{"self":[{"href":"https:\/\/tacuarembo.gub.uy\/index.php?rest_route=\/wp\/v2\/posts\/10602","targetHints":{"allow":["GET"]}}],"collection":[{"href":"https:\/\/tacuarembo.gub.uy\/index.php?rest_route=\/wp\/v2\/posts"}],"about":[{"href":"https:\/\/tacuarembo.gub.uy\/index.php?rest_route=\/wp\/v2\/types\/post"}],"author":[{"embeddable":true,"href":"https:\/\/tacuarembo.gub.uy\/index.php?rest_route=\/wp\/v2\/users\/3"}],"replies":[{"embeddable":true,"href":"https:\/\/tacuarembo.gub.uy\/index.php?rest_route=%2Fwp%2Fv2%2Fcomments&post=10602"}],"version-history":[{"count":2,"href":"https:\/\/tacuarembo.gub.uy\/index.php?rest_route=\/wp\/v2\/posts\/10602\/revisions"}],"predecessor-version":[{"id":10611,"href":"https:\/\/tacuarembo.gub.uy\/index.php?rest_route=\/wp\/v2\/posts\/10602\/revisions\/10611"}],"wp:featuredmedia":[{"embeddable":true,"href":"https:\/\/tacuarembo.gub.uy\/index.php?rest_route=\/wp\/v2\/media\/10603"}],"wp:attachment":[{"href":"https:\/\/tacuarembo.gub.uy\/index.php?rest_route=%2Fwp%2Fv2%2Fmedia&parent=10602"}],"wp:term":[{"taxonomy":"category","embeddable":true,"href":"https:\/\/tacuarembo.gub.uy\/index.php?rest_route=%2Fwp%2Fv2%2Fcategories&post=10602"},{"taxonomy":"post_tag","embeddable":true,"href":"https:\/\/tacuarembo.gub.uy\/index.php?rest_route=%2Fwp%2Fv2%2Ftags&post=10602"}],"curies":[{"name":"wp","href":"https:\/\/api.w.org\/{rel}","templated":true}]}}