{"id":10542,"date":"2020-12-23T14:05:12","date_gmt":"2020-12-23T17:05:12","guid":{"rendered":"https:\/\/tacuarembo.gub.uy\/?p=10542"},"modified":"2020-12-23T14:05:12","modified_gmt":"2020-12-23T17:05:12","slug":"desarrollo-social-alienta-a-cuidarnos-entre-todos","status":"publish","type":"post","link":"https:\/\/tacuarembo.gub.uy\/?p=10542","title":{"rendered":"Desarrollo Social alienta a cuidarnos entre todos"},"content":{"rendered":"\n<p>La Direcci\u00f3n de Desarrollo Social lleg\u00f3 hasta el Centro de Barrio 3, \u201cEl Hongo\u201d y acompa\u00f1\u00f3 all\u00ed la entrega de canastas a los funcionarios que realiz\u00f3 la mesa ejecutiva, cerrando de esta manera unos d\u00edas en los cuales se apoy\u00f3 con veh\u00edculo a un grupo de voluntarios, que anduvo por diversos barrios entregando canastas navide\u00f1as a familias en contexto de vulnerabilidad social. Al finalizar este a\u00f1o diferente se alienta desde la Intendencia de Tacuaremb\u00f3 a trav\u00e9s de Desarrollo Social a continuar cuid\u00e1ndonos entre todos y disfrutar cumpliendo lo que nos pide la autoridad sanitaria de estas fiestas tradicionales.<\/p>\n\n\n\n<figure class=\"wp-block-image size-large\"><img loading=\"lazy\" decoding=\"async\" width=\"800\" height=\"420\" src=\"https:\/\/tacuarembo.gub.uy\/wp-content\/uploads\/WhatsApp-Image-2020-12-23-at-13.59.51-800x420.jpeg\" alt=\"\" class=\"wp-image-10544\"\/><\/figure>\n\n\n\n<figure class=\"wp-block-image size-large\"><img loading=\"lazy\" decoding=\"async\" width=\"800\" height=\"420\" src=\"https:\/\/tacuarembo.gub.uy\/wp-content\/uploads\/WhatsApp-Image-2020-12-23-at-13.59.55-800x420.jpeg\" alt=\"\" class=\"wp-image-10545\"\/><\/figure>\n\n\n\n<figure class=\"wp-block-image size-large\"><img loading=\"lazy\" decoding=\"async\" width=\"800\" height=\"420\" src=\"https:\/\/tacuarembo.gub.uy\/wp-content\/uploads\/WhatsApp-Image-2020-12-23-at-14.00.07-800x420.jpeg\" alt=\"\" class=\"wp-image-10546\"\/><\/figure>\n","protected":false},"excerpt":{"rendered":"<p>La Direcci\u00f3n de Desarrollo Social lleg\u00f3 hasta el Centro de Barrio 3, \u201cEl Hongo\u201d y acompa\u00f1\u00f3 all\u00ed la entrega de canastas a los funcionarios que realiz\u00f3 la mesa ejecutiva, cerrando de esta manera unos d\u00edas en los cuales se apoy\u00f3 con veh\u00edculo a un grupo de voluntarios, que anduvo por diversos barrios entregando canastas navide\u00f1as a familias en contexto de vulnerabilidad social<\/p>\n","protected":false},"author":3,"featured_media":10546,"comment_status":"open","ping_status":"open","sticky":false,"template":"","format":"standard","meta":{"_eb_attr":"","footnotes":""},"categories":[16],"tags":[],"class_list":{"0":"post-10542","1":"post","2":"type-post","3":"status-publish","4":"format-standard","5":"has-post-thumbnail","7":"category-noticias"},"_links":{"self":[{"href":"https:\/\/tacuarembo.gub.uy\/index.php?rest_route=\/wp\/v2\/posts\/10542","targetHints":{"allow":["GET"]}}],"collection":[{"href":"https:\/\/tacuarembo.gub.uy\/index.php?rest_route=\/wp\/v2\/posts"}],"about":[{"href":"https:\/\/tacuarembo.gub.uy\/index.php?rest_route=\/wp\/v2\/types\/post"}],"author":[{"embeddable":true,"href":"https:\/\/tacuarembo.gub.uy\/index.php?rest_route=\/wp\/v2\/users\/3"}],"replies":[{"embeddable":true,"href":"https:\/\/tacuarembo.gub.uy\/index.php?rest_route=%2Fwp%2Fv2%2Fcomments&post=10542"}],"version-history":[{"count":1,"href":"https:\/\/tacuarembo.gub.uy\/index.php?rest_route=\/wp\/v2\/posts\/10542\/revisions"}],"predecessor-version":[{"id":10549,"href":"https:\/\/tacuarembo.gub.uy\/index.php?rest_route=\/wp\/v2\/posts\/10542\/revisions\/10549"}],"wp:featuredmedia":[{"embeddable":true,"href":"https:\/\/tacuarembo.gub.uy\/index.php?rest_route=\/wp\/v2\/media\/10546"}],"wp:attachment":[{"href":"https:\/\/tacuarembo.gub.uy\/index.php?rest_route=%2Fwp%2Fv2%2Fmedia&parent=10542"}],"wp:term":[{"taxonomy":"category","embeddable":true,"href":"https:\/\/tacuarembo.gub.uy\/index.php?rest_route=%2Fwp%2Fv2%2Fcategories&post=10542"},{"taxonomy":"post_tag","embeddable":true,"href":"https:\/\/tacuarembo.gub.uy\/index.php?rest_route=%2Fwp%2Fv2%2Ftags&post=10542"}],"curies":[{"name":"wp","href":"https:\/\/api.w.org\/{rel}","templated":true}]}}