{"id":10535,"date":"2020-12-22T12:48:33","date_gmt":"2020-12-22T15:48:33","guid":{"rendered":"https:\/\/tacuarembo.gub.uy\/?p=10535"},"modified":"2020-12-22T12:48:33","modified_gmt":"2020-12-22T15:48:33","slug":"terminal-carlos-gardel-24-y-25-horarios-especiales","status":"publish","type":"post","link":"https:\/\/tacuarembo.gub.uy\/?p=10535","title":{"rendered":"Terminal Carlos Gardel, 24 y 25 horarios especiales"},"content":{"rendered":"\n<p>La Terminal de \u00d3mnibus Carlos Gardel este pr\u00f3ximo 24 de diciembre permanecer\u00e1 cerrada desde la hora 21:00 hasta las 17:00 horas del d\u00eda 25 de diciembre.<\/p>\n","protected":false},"excerpt":{"rendered":"<p>La Terminal de \u00d3mnibus Carlos Gardel este pr\u00f3ximo 24 de diciembre permanecer\u00e1 cerrada desde la hora 21:00 hasta las 17:00 horas del d\u00eda 25 de diciembre.<\/p>\n","protected":false},"author":3,"featured_media":10040,"comment_status":"open","ping_status":"open","sticky":false,"template":"","format":"standard","meta":{"_eb_attr":"","footnotes":""},"categories":[16],"tags":[],"class_list":{"0":"post-10535","1":"post","2":"type-post","3":"status-publish","4":"format-standard","5":"has-post-thumbnail","7":"category-noticias"},"_links":{"self":[{"href":"https:\/\/tacuarembo.gub.uy\/index.php?rest_route=\/wp\/v2\/posts\/10535","targetHints":{"allow":["GET"]}}],"collection":[{"href":"https:\/\/tacuarembo.gub.uy\/index.php?rest_route=\/wp\/v2\/posts"}],"about":[{"href":"https:\/\/tacuarembo.gub.uy\/index.php?rest_route=\/wp\/v2\/types\/post"}],"author":[{"embeddable":true,"href":"https:\/\/tacuarembo.gub.uy\/index.php?rest_route=\/wp\/v2\/users\/3"}],"replies":[{"embeddable":true,"href":"https:\/\/tacuarembo.gub.uy\/index.php?rest_route=%2Fwp%2Fv2%2Fcomments&post=10535"}],"version-history":[{"count":1,"href":"https:\/\/tacuarembo.gub.uy\/index.php?rest_route=\/wp\/v2\/posts\/10535\/revisions"}],"predecessor-version":[{"id":10536,"href":"https:\/\/tacuarembo.gub.uy\/index.php?rest_route=\/wp\/v2\/posts\/10535\/revisions\/10536"}],"wp:featuredmedia":[{"embeddable":true,"href":"https:\/\/tacuarembo.gub.uy\/index.php?rest_route=\/wp\/v2\/media\/10040"}],"wp:attachment":[{"href":"https:\/\/tacuarembo.gub.uy\/index.php?rest_route=%2Fwp%2Fv2%2Fmedia&parent=10535"}],"wp:term":[{"taxonomy":"category","embeddable":true,"href":"https:\/\/tacuarembo.gub.uy\/index.php?rest_route=%2Fwp%2Fv2%2Fcategories&post=10535"},{"taxonomy":"post_tag","embeddable":true,"href":"https:\/\/tacuarembo.gub.uy\/index.php?rest_route=%2Fwp%2Fv2%2Ftags&post=10535"}],"curies":[{"name":"wp","href":"https:\/\/api.w.org\/{rel}","templated":true}]}}