{"id":10508,"date":"2020-12-18T15:48:18","date_gmt":"2020-12-18T18:48:18","guid":{"rendered":"https:\/\/tacuarembo.gub.uy\/?p=10508"},"modified":"2020-12-18T15:48:18","modified_gmt":"2020-12-18T18:48:18","slug":"el-dr-jose-o-menendez-recibio-el-premio-al-valor-ciudadano-por-su-trabajo-en-tiempos-de-pandemia","status":"publish","type":"post","link":"https:\/\/tacuarembo.gub.uy\/?p=10508","title":{"rendered":"El Dr. Jos\u00e9 O. Men\u00e9ndez recibi\u00f3 el Premio al Valor Ciudadano por su trabajo en tiempos de pandemia"},"content":{"rendered":"\n<p>En el D\u00eda de la Policia Nacional sin actividades protocolarias por la situaci\u00f3n de avance del Covid 19 recibe de forma directa por parte del Sr. Jefe de Polic\u00eda, Com.Gral. Jhon Saravia est\u00e1 distinci\u00f3n personal con una menci\u00f3n especial para Daniel Longui por su trabajo articulador en el Comit\u00e9 de Emergencia.<\/p>\n\n\n\n<p>A continuaci\u00f3n reflejamos lo que glosa la resoluci\u00f3n ministerial.<\/p>\n\n\n\n<p>OT\u00d3RGASE el Premio al Valor Ciudadano:<\/p>\n\n\n\n<p>Destinado a aquellos ciudadanos que con valor, hero\u00edsmo y apego a las normas, realicen actos que revistan car\u00e1cter de extraordinarios y que tengan relaci\u00f3n directa con los hechos vinculados a la Seguridad P\u00fablica:<br>1) Dr. Jos\u00e9 Omar MEN\u00c9NDEZ BALSEMAO, quien es reconocido conjuntamente con el Sr. Daniel LONGUI a quien se le otorga una menci\u00f3n especial.<br>En la presente gesti\u00f3n, ambos integrantes del gobierno departamental, en equipo con sus funcionarios, colaboraron con responsabilidad y dedicaci\u00f3n en el cumplimiento de las tareas de seguridad p\u00fablica llevadas a cabo por esta Unidad, actuando con responsabilidad ciudadana ante la emergencia sanitaria en la cual se encuentra el pa\u00eds.<\/p>\n\n\n\n<figure class=\"wp-block-image size-large\"><img loading=\"lazy\" decoding=\"async\" width=\"800\" height=\"420\" src=\"https:\/\/tacuarembo.gub.uy\/wp-content\/uploads\/WhatsApp-Image-2020-12-18-at-15.38.17-800x420.jpeg\" alt=\"\" class=\"wp-image-10509\"\/><\/figure>\n","protected":false},"excerpt":{"rendered":"<p>En el D\u00eda de la Policia Nacional sin actividades protocolarias por la situaci\u00f3n de avance del Covid 19 recibe de forma directa por parte del Sr. Jefe de Polic\u00eda, Com.Gral. Jhon Saravia est\u00e1 distinci\u00f3n personal con una menci\u00f3n especial para Daniel Longui por su trabajo articulador en el Comit\u00e9 de Emergencia.<\/p>\n","protected":false},"author":3,"featured_media":10509,"comment_status":"open","ping_status":"open","sticky":false,"template":"","format":"standard","meta":{"_eb_attr":"","footnotes":""},"categories":[16],"tags":[],"class_list":{"0":"post-10508","1":"post","2":"type-post","3":"status-publish","4":"format-standard","5":"has-post-thumbnail","7":"category-noticias"},"_links":{"self":[{"href":"https:\/\/tacuarembo.gub.uy\/index.php?rest_route=\/wp\/v2\/posts\/10508","targetHints":{"allow":["GET"]}}],"collection":[{"href":"https:\/\/tacuarembo.gub.uy\/index.php?rest_route=\/wp\/v2\/posts"}],"about":[{"href":"https:\/\/tacuarembo.gub.uy\/index.php?rest_route=\/wp\/v2\/types\/post"}],"author":[{"embeddable":true,"href":"https:\/\/tacuarembo.gub.uy\/index.php?rest_route=\/wp\/v2\/users\/3"}],"replies":[{"embeddable":true,"href":"https:\/\/tacuarembo.gub.uy\/index.php?rest_route=%2Fwp%2Fv2%2Fcomments&post=10508"}],"version-history":[{"count":1,"href":"https:\/\/tacuarembo.gub.uy\/index.php?rest_route=\/wp\/v2\/posts\/10508\/revisions"}],"predecessor-version":[{"id":10510,"href":"https:\/\/tacuarembo.gub.uy\/index.php?rest_route=\/wp\/v2\/posts\/10508\/revisions\/10510"}],"wp:featuredmedia":[{"embeddable":true,"href":"https:\/\/tacuarembo.gub.uy\/index.php?rest_route=\/wp\/v2\/media\/10509"}],"wp:attachment":[{"href":"https:\/\/tacuarembo.gub.uy\/index.php?rest_route=%2Fwp%2Fv2%2Fmedia&parent=10508"}],"wp:term":[{"taxonomy":"category","embeddable":true,"href":"https:\/\/tacuarembo.gub.uy\/index.php?rest_route=%2Fwp%2Fv2%2Fcategories&post=10508"},{"taxonomy":"post_tag","embeddable":true,"href":"https:\/\/tacuarembo.gub.uy\/index.php?rest_route=%2Fwp%2Fv2%2Ftags&post=10508"}],"curies":[{"name":"wp","href":"https:\/\/api.w.org\/{rel}","templated":true}]}}