{"id":10504,"date":"2020-12-18T14:49:46","date_gmt":"2020-12-18T17:49:46","guid":{"rendered":"https:\/\/tacuarembo.gub.uy\/?p=10504"},"modified":"2020-12-18T14:49:46","modified_gmt":"2020-12-18T17:49:46","slug":"operativos-los-semaforos-inteligentes","status":"publish","type":"post","link":"https:\/\/tacuarembo.gub.uy\/?p=10504","title":{"rendered":"Operativos los sem\u00e1foros inteligentes"},"content":{"rendered":"\n<p>Se pusieron en funcionamiento nuevos sem\u00e1foros en las intersecciones de las calles 18 de Julio y Bvar. Rodr\u00edguez Correa y tambi\u00e9n en 25 de Mayo y Bvar. Rodr\u00edguez Correa. Al respecto, nos informa el Dir. de Tr\u00e1nsito, Sr. Agapito Leal.<\/p>\n\n\n\n<iframe loading=\"lazy\" width=\"900\" height=\"506\" src=\"https:\/\/www.youtube.com\/embed\/n1_Ti1G1FAU\" frameborder=\"0\" allow=\"accelerometer; autoplay; clipboard-write; encrypted-media; gyroscope; picture-in-picture\" allowfullscreen><\/iframe>\n","protected":false},"excerpt":{"rendered":"<p>Se pusieron en funcionamiento nuevos sem\u00e1foros en las intersecciones de las calles 18 de Julio y Bvar. Rodr\u00edguez Correa y tambi\u00e9n en 25 de Mayo y Bvar. Rodr\u00edguez Correa. Al respecto, nos informa el Dir. de Tr\u00e1nsito, Sr. Agapito Leal.<\/p>\n","protected":false},"author":3,"featured_media":10505,"comment_status":"open","ping_status":"open","sticky":false,"template":"","format":"standard","meta":{"_eb_attr":"","footnotes":""},"categories":[16],"tags":[],"class_list":{"0":"post-10504","1":"post","2":"type-post","3":"status-publish","4":"format-standard","5":"has-post-thumbnail","7":"category-noticias"},"_links":{"self":[{"href":"https:\/\/tacuarembo.gub.uy\/index.php?rest_route=\/wp\/v2\/posts\/10504","targetHints":{"allow":["GET"]}}],"collection":[{"href":"https:\/\/tacuarembo.gub.uy\/index.php?rest_route=\/wp\/v2\/posts"}],"about":[{"href":"https:\/\/tacuarembo.gub.uy\/index.php?rest_route=\/wp\/v2\/types\/post"}],"author":[{"embeddable":true,"href":"https:\/\/tacuarembo.gub.uy\/index.php?rest_route=\/wp\/v2\/users\/3"}],"replies":[{"embeddable":true,"href":"https:\/\/tacuarembo.gub.uy\/index.php?rest_route=%2Fwp%2Fv2%2Fcomments&post=10504"}],"version-history":[{"count":1,"href":"https:\/\/tacuarembo.gub.uy\/index.php?rest_route=\/wp\/v2\/posts\/10504\/revisions"}],"predecessor-version":[{"id":10506,"href":"https:\/\/tacuarembo.gub.uy\/index.php?rest_route=\/wp\/v2\/posts\/10504\/revisions\/10506"}],"wp:featuredmedia":[{"embeddable":true,"href":"https:\/\/tacuarembo.gub.uy\/index.php?rest_route=\/wp\/v2\/media\/10505"}],"wp:attachment":[{"href":"https:\/\/tacuarembo.gub.uy\/index.php?rest_route=%2Fwp%2Fv2%2Fmedia&parent=10504"}],"wp:term":[{"taxonomy":"category","embeddable":true,"href":"https:\/\/tacuarembo.gub.uy\/index.php?rest_route=%2Fwp%2Fv2%2Fcategories&post=10504"},{"taxonomy":"post_tag","embeddable":true,"href":"https:\/\/tacuarembo.gub.uy\/index.php?rest_route=%2Fwp%2Fv2%2Ftags&post=10504"}],"curies":[{"name":"wp","href":"https:\/\/api.w.org\/{rel}","templated":true}]}}