{"id":10457,"date":"2020-12-17T14:02:08","date_gmt":"2020-12-17T17:02:08","guid":{"rendered":"https:\/\/tacuarembo.gub.uy\/?p=10457"},"modified":"2020-12-17T14:02:08","modified_gmt":"2020-12-17T17:02:08","slug":"curso-de-herreria-y-salon-de-informatica-en-barrio-godoy","status":"publish","type":"post","link":"https:\/\/tacuarembo.gub.uy\/?p=10457","title":{"rendered":"Curso de herrer\u00eda y sal\u00f3n de inform\u00e1tica en Barrio Godoy"},"content":{"rendered":"\n<p>Cerrando el a\u00f1o lectivo, la Direcci\u00f3n General de Desarrollo Social mantuvo un intercambio con docentes y alumnos en el Barrio Godoy, observando el trabajo que se realiza y adem\u00e1s se verific\u00f3 una visita de Sergio Porcile y Pablo Paiva al Merendero y Caif, d\u00f3nde se recibi\u00f3 el planteo de los vecinos de extender m\u00e1s d\u00edas, el merendero que funciona por el momento solo los domingos en el sal\u00f3n de los \u201cHnos. Maristas\u201d con un n\u00famero de 115 familias.<\/p>\n\n\n\n<figure class=\"wp-block-image size-large\"><img loading=\"lazy\" decoding=\"async\" width=\"800\" height=\"420\" src=\"https:\/\/tacuarembo.gub.uy\/wp-content\/uploads\/WhatsApp-Image-2020-12-17-at-13.58.551-1-800x420.jpeg\" alt=\"\" class=\"wp-image-10459\"\/><\/figure>\n\n\n\n<figure class=\"wp-block-image size-large\"><img loading=\"lazy\" decoding=\"async\" width=\"800\" height=\"420\" src=\"https:\/\/tacuarembo.gub.uy\/wp-content\/uploads\/WhatsApp-Image-2020-12-17-at-13.58.55-800x420.jpeg\" alt=\"\" class=\"wp-image-10461\"\/><\/figure>\n\n\n\n<figure class=\"wp-block-image size-large\"><img loading=\"lazy\" decoding=\"async\" width=\"800\" height=\"420\" src=\"https:\/\/tacuarembo.gub.uy\/wp-content\/uploads\/WhatsApp-Image-2020-12-17-at-13.58.54-800x420.jpeg\" alt=\"\" class=\"wp-image-10460\"\/><\/figure>\n","protected":false},"excerpt":{"rendered":"<p>Cerrando el a\u00f1o lectivo, la Direcci\u00f3n General de Desarrollo Social mantuvo un intercambio con docentes y alumnos en el Barrio Godoy, observando el trabajo que se realiza y adem\u00e1s se verific\u00f3 una visita de Sergio Porcile y Pablo Paiva al Merendero y Caif<\/p>\n","protected":false},"author":3,"featured_media":10461,"comment_status":"open","ping_status":"open","sticky":false,"template":"","format":"standard","meta":{"_eb_attr":"","footnotes":""},"categories":[16],"tags":[],"class_list":{"0":"post-10457","1":"post","2":"type-post","3":"status-publish","4":"format-standard","5":"has-post-thumbnail","7":"category-noticias"},"_links":{"self":[{"href":"https:\/\/tacuarembo.gub.uy\/index.php?rest_route=\/wp\/v2\/posts\/10457","targetHints":{"allow":["GET"]}}],"collection":[{"href":"https:\/\/tacuarembo.gub.uy\/index.php?rest_route=\/wp\/v2\/posts"}],"about":[{"href":"https:\/\/tacuarembo.gub.uy\/index.php?rest_route=\/wp\/v2\/types\/post"}],"author":[{"embeddable":true,"href":"https:\/\/tacuarembo.gub.uy\/index.php?rest_route=\/wp\/v2\/users\/3"}],"replies":[{"embeddable":true,"href":"https:\/\/tacuarembo.gub.uy\/index.php?rest_route=%2Fwp%2Fv2%2Fcomments&post=10457"}],"version-history":[{"count":1,"href":"https:\/\/tacuarembo.gub.uy\/index.php?rest_route=\/wp\/v2\/posts\/10457\/revisions"}],"predecessor-version":[{"id":10464,"href":"https:\/\/tacuarembo.gub.uy\/index.php?rest_route=\/wp\/v2\/posts\/10457\/revisions\/10464"}],"wp:featuredmedia":[{"embeddable":true,"href":"https:\/\/tacuarembo.gub.uy\/index.php?rest_route=\/wp\/v2\/media\/10461"}],"wp:attachment":[{"href":"https:\/\/tacuarembo.gub.uy\/index.php?rest_route=%2Fwp%2Fv2%2Fmedia&parent=10457"}],"wp:term":[{"taxonomy":"category","embeddable":true,"href":"https:\/\/tacuarembo.gub.uy\/index.php?rest_route=%2Fwp%2Fv2%2Fcategories&post=10457"},{"taxonomy":"post_tag","embeddable":true,"href":"https:\/\/tacuarembo.gub.uy\/index.php?rest_route=%2Fwp%2Fv2%2Ftags&post=10457"}],"curies":[{"name":"wp","href":"https:\/\/api.w.org\/{rel}","templated":true}]}}