{"id":10449,"date":"2020-12-17T13:58:17","date_gmt":"2020-12-17T16:58:17","guid":{"rendered":"https:\/\/tacuarembo.gub.uy\/?p=10449"},"modified":"2020-12-17T13:58:17","modified_gmt":"2020-12-17T16:58:17","slug":"el-intendente-wilson-ezquerra-participo-de-la-reunion-del-congreso-de-intendentes","status":"publish","type":"post","link":"https:\/\/tacuarembo.gub.uy\/?p=10449","title":{"rendered":"El Intendente Wilson Ezquerra particip\u00f3 de la reuni\u00f3n del Congreso de Intendentes"},"content":{"rendered":"\n<p>En el sal\u00f3n multiprop\u00f3sito de la Rural del Prado, siguiendo el protocolo sanitario, el Congreso de Intendentes recibi\u00f3 un detalle sobre las nuevas medidas para frenar el avance del Covid y tambi\u00e9n se trabajaron otros temas con la presencia del Ministro de Ambiente, Adri\u00e1n Pe\u00f1a y el Presidente del Codicen, Robert Silva, adem\u00e1s de una delegaci\u00f3n del Inac.<\/p>\n\n\n\n<figure class=\"wp-block-image size-large\"><img loading=\"lazy\" decoding=\"async\" width=\"800\" height=\"420\" src=\"https:\/\/tacuarembo.gub.uy\/wp-content\/uploads\/WhatsApp-Image-2020-12-17-at-13.48.16-1-800x420.jpeg\" alt=\"\" class=\"wp-image-10452\"\/><\/figure>\n\n\n\n<figure class=\"wp-block-image size-large\"><img loading=\"lazy\" decoding=\"async\" width=\"800\" height=\"420\" src=\"https:\/\/tacuarembo.gub.uy\/wp-content\/uploads\/WhatsApp-Image-2020-12-17-at-13.48.151-800x420.jpeg\" alt=\"\" class=\"wp-image-10453\"\/><\/figure>\n\n\n\n<figure class=\"wp-block-image size-large\"><img loading=\"lazy\" decoding=\"async\" width=\"800\" height=\"420\" src=\"https:\/\/tacuarembo.gub.uy\/wp-content\/uploads\/WhatsApp-Image-2020-12-17-at-13.48.15-800x420.jpeg\" alt=\"\" class=\"wp-image-10451\"\/><\/figure>\n","protected":false},"excerpt":{"rendered":"<p>n el sal\u00f3n multiprop\u00f3sito de la Rural del Prado, siguiendo el protocolo sanitario, el Congreso de Intendentes recibi\u00f3 un detalle sobre las nuevas medidas para frenar el avance del Covid y tambi\u00e9n se trabajaron otros temas con la presencia del Ministro de Ambiente, Adri\u00e1n Pe\u00f1a y el Presidente del Codicen, Robert Silva, adem\u00e1s de una delegaci\u00f3n del Inac.<\/p>\n","protected":false},"author":3,"featured_media":10451,"comment_status":"open","ping_status":"open","sticky":false,"template":"","format":"standard","meta":{"_eb_attr":"","footnotes":""},"categories":[16],"tags":[],"class_list":{"0":"post-10449","1":"post","2":"type-post","3":"status-publish","4":"format-standard","5":"has-post-thumbnail","7":"category-noticias"},"_links":{"self":[{"href":"https:\/\/tacuarembo.gub.uy\/index.php?rest_route=\/wp\/v2\/posts\/10449","targetHints":{"allow":["GET"]}}],"collection":[{"href":"https:\/\/tacuarembo.gub.uy\/index.php?rest_route=\/wp\/v2\/posts"}],"about":[{"href":"https:\/\/tacuarembo.gub.uy\/index.php?rest_route=\/wp\/v2\/types\/post"}],"author":[{"embeddable":true,"href":"https:\/\/tacuarembo.gub.uy\/index.php?rest_route=\/wp\/v2\/users\/3"}],"replies":[{"embeddable":true,"href":"https:\/\/tacuarembo.gub.uy\/index.php?rest_route=%2Fwp%2Fv2%2Fcomments&post=10449"}],"version-history":[{"count":1,"href":"https:\/\/tacuarembo.gub.uy\/index.php?rest_route=\/wp\/v2\/posts\/10449\/revisions"}],"predecessor-version":[{"id":10456,"href":"https:\/\/tacuarembo.gub.uy\/index.php?rest_route=\/wp\/v2\/posts\/10449\/revisions\/10456"}],"wp:featuredmedia":[{"embeddable":true,"href":"https:\/\/tacuarembo.gub.uy\/index.php?rest_route=\/wp\/v2\/media\/10451"}],"wp:attachment":[{"href":"https:\/\/tacuarembo.gub.uy\/index.php?rest_route=%2Fwp%2Fv2%2Fmedia&parent=10449"}],"wp:term":[{"taxonomy":"category","embeddable":true,"href":"https:\/\/tacuarembo.gub.uy\/index.php?rest_route=%2Fwp%2Fv2%2Fcategories&post=10449"},{"taxonomy":"post_tag","embeddable":true,"href":"https:\/\/tacuarembo.gub.uy\/index.php?rest_route=%2Fwp%2Fv2%2Ftags&post=10449"}],"curies":[{"name":"wp","href":"https:\/\/api.w.org\/{rel}","templated":true}]}}