{"id":10442,"date":"2020-12-17T11:00:10","date_gmt":"2020-12-17T14:00:10","guid":{"rendered":"https:\/\/tacuarembo.gub.uy\/?p=10442"},"modified":"2020-12-17T11:00:10","modified_gmt":"2020-12-17T14:00:10","slug":"paso-de-los-toros-tarifas-para-alojamientos-turisticos-del-municipio","status":"publish","type":"post","link":"https:\/\/tacuarembo.gub.uy\/?p=10442","title":{"rendered":"Paso de los Toros, tarifas para alojamientos tur\u00edsticos del Municipio"},"content":{"rendered":"\n<p>Se fijaron los valores para el arrendamiento de alojamientos tur\u00edsticos en Paso de los Toros, por la temporada 2020-2021:<br>Caba\u00f1as para 4 personas $ 2.200\/d\u00eda<br>Caba\u00f1as para 6 personas $ 3.200\/d\u00eda<br>Caba\u00f1as con entrepiso para 4 personas $ 3.200\/d\u00eda<br>Caba\u00f1as para 10 personas $ 3.200\/d\u00eda<br>Quincho Techado Parque Batlle $ 3.800\/d\u00eda<br>Quincho Techado (AVI) $ 800\/d\u00eda<br>M\u00f3dulos techados con parrillero $ 500\/d\u00eda<br>Espacio f\u00edsico: carpas $ 220\/d\u00eda<br>por persona $ 120\/d\u00eda<br>menores de 10 a\u00f1os gratis<br>Motor Home $ 500\/d\u00eda<br>Por d\u00eda $ 280\/d\u00eda<br>Se considera como Temporada Alta el per\u00edodo comprendido entre el 15 de noviembre de 2020 hasta el \u00faltimo d\u00eda de Semana de Turismo de 2021 inclusive.<\/p>\n","protected":false},"excerpt":{"rendered":"<p>Se fijaron los valores para el arrendamiento de alojamientos tur\u00edsticos en Paso de los Toros, por la temporada 2020-2021<\/p>\n","protected":false},"author":3,"featured_media":10444,"comment_status":"open","ping_status":"open","sticky":false,"template":"","format":"standard","meta":{"_eb_attr":"","footnotes":""},"categories":[16],"tags":[],"class_list":{"0":"post-10442","1":"post","2":"type-post","3":"status-publish","4":"format-standard","5":"has-post-thumbnail","7":"category-noticias"},"_links":{"self":[{"href":"https:\/\/tacuarembo.gub.uy\/index.php?rest_route=\/wp\/v2\/posts\/10442","targetHints":{"allow":["GET"]}}],"collection":[{"href":"https:\/\/tacuarembo.gub.uy\/index.php?rest_route=\/wp\/v2\/posts"}],"about":[{"href":"https:\/\/tacuarembo.gub.uy\/index.php?rest_route=\/wp\/v2\/types\/post"}],"author":[{"embeddable":true,"href":"https:\/\/tacuarembo.gub.uy\/index.php?rest_route=\/wp\/v2\/users\/3"}],"replies":[{"embeddable":true,"href":"https:\/\/tacuarembo.gub.uy\/index.php?rest_route=%2Fwp%2Fv2%2Fcomments&post=10442"}],"version-history":[{"count":1,"href":"https:\/\/tacuarembo.gub.uy\/index.php?rest_route=\/wp\/v2\/posts\/10442\/revisions"}],"predecessor-version":[{"id":10445,"href":"https:\/\/tacuarembo.gub.uy\/index.php?rest_route=\/wp\/v2\/posts\/10442\/revisions\/10445"}],"wp:featuredmedia":[{"embeddable":true,"href":"https:\/\/tacuarembo.gub.uy\/index.php?rest_route=\/wp\/v2\/media\/10444"}],"wp:attachment":[{"href":"https:\/\/tacuarembo.gub.uy\/index.php?rest_route=%2Fwp%2Fv2%2Fmedia&parent=10442"}],"wp:term":[{"taxonomy":"category","embeddable":true,"href":"https:\/\/tacuarembo.gub.uy\/index.php?rest_route=%2Fwp%2Fv2%2Fcategories&post=10442"},{"taxonomy":"post_tag","embeddable":true,"href":"https:\/\/tacuarembo.gub.uy\/index.php?rest_route=%2Fwp%2Fv2%2Ftags&post=10442"}],"curies":[{"name":"wp","href":"https:\/\/api.w.org\/{rel}","templated":true}]}}