{"id":10292,"date":"2020-12-09T08:48:31","date_gmt":"2020-12-09T11:48:31","guid":{"rendered":"https:\/\/tacuarembo.gub.uy\/?p=10292"},"modified":"2020-12-09T08:48:31","modified_gmt":"2020-12-09T11:48:31","slug":"reunion-de-coordinacion-con-el-plan-juntos","status":"publish","type":"post","link":"https:\/\/tacuarembo.gub.uy\/?p=10292","title":{"rendered":"Reuni\u00f3n de coordinaci\u00f3n con el Plan Juntos"},"content":{"rendered":"\n<p>La Direcci\u00f3n General de Desarrollo Social recibi\u00f3 la visita del equipo t\u00e9cnico del Plan Juntos representado por el coordinador regional Marcelo Gonz\u00e1lez y el referente local Carlos Machado quienes junto con el equipo de Direcci\u00f3n y las licenciadas en trabajo social Valentina Rodriguez y Anal\u00eda Ben\u00edtez intercambiaron sobre el abordaje de situaciones de familias en nuestra ciudad. El Director General Sergio Porcile y el Sub Director Pablo Paiva, se\u00f1alaron al culminar este encuentro que se dialog\u00f3 para coordinar l\u00edneas de trabajo, algunas ya existentes y las nuevas propuestas, planificando estrategias en conjunto y pr\u00f3ximas actividades a desarrollar.<\/p>\n\n\n\n<figure class=\"wp-block-image size-large\"><img loading=\"lazy\" decoding=\"async\" width=\"800\" height=\"420\" src=\"https:\/\/tacuarembo.gub.uy\/wp-content\/uploads\/WhatsApp-Image-2020-12-09-at-08.26.47-800x420.jpeg\" alt=\"\" class=\"wp-image-10293\"\/><\/figure>\n","protected":false},"excerpt":{"rendered":"<p>La Direcci\u00f3n General de Desarrollo Social recibi\u00f3 la visita del equipo t\u00e9cnico del Plan Juntos representado por el coordinador regional Marcelo Gonz\u00e1lez y el referente local Carlos Machado quienes junto con el equipo de Direcci\u00f3n y las licenciadas en trabajo social Valentina Rodriguez y Anal\u00eda Ben\u00edtez intercambiaron sobre el abordaje de situaciones de familias en nuestra ciudad<\/p>\n","protected":false},"author":3,"featured_media":10293,"comment_status":"open","ping_status":"open","sticky":false,"template":"","format":"standard","meta":{"_eb_attr":"","footnotes":""},"categories":[16],"tags":[],"class_list":{"0":"post-10292","1":"post","2":"type-post","3":"status-publish","4":"format-standard","5":"has-post-thumbnail","7":"category-noticias"},"_links":{"self":[{"href":"https:\/\/tacuarembo.gub.uy\/index.php?rest_route=\/wp\/v2\/posts\/10292","targetHints":{"allow":["GET"]}}],"collection":[{"href":"https:\/\/tacuarembo.gub.uy\/index.php?rest_route=\/wp\/v2\/posts"}],"about":[{"href":"https:\/\/tacuarembo.gub.uy\/index.php?rest_route=\/wp\/v2\/types\/post"}],"author":[{"embeddable":true,"href":"https:\/\/tacuarembo.gub.uy\/index.php?rest_route=\/wp\/v2\/users\/3"}],"replies":[{"embeddable":true,"href":"https:\/\/tacuarembo.gub.uy\/index.php?rest_route=%2Fwp%2Fv2%2Fcomments&post=10292"}],"version-history":[{"count":1,"href":"https:\/\/tacuarembo.gub.uy\/index.php?rest_route=\/wp\/v2\/posts\/10292\/revisions"}],"predecessor-version":[{"id":10294,"href":"https:\/\/tacuarembo.gub.uy\/index.php?rest_route=\/wp\/v2\/posts\/10292\/revisions\/10294"}],"wp:featuredmedia":[{"embeddable":true,"href":"https:\/\/tacuarembo.gub.uy\/index.php?rest_route=\/wp\/v2\/media\/10293"}],"wp:attachment":[{"href":"https:\/\/tacuarembo.gub.uy\/index.php?rest_route=%2Fwp%2Fv2%2Fmedia&parent=10292"}],"wp:term":[{"taxonomy":"category","embeddable":true,"href":"https:\/\/tacuarembo.gub.uy\/index.php?rest_route=%2Fwp%2Fv2%2Fcategories&post=10292"},{"taxonomy":"post_tag","embeddable":true,"href":"https:\/\/tacuarembo.gub.uy\/index.php?rest_route=%2Fwp%2Fv2%2Ftags&post=10292"}],"curies":[{"name":"wp","href":"https:\/\/api.w.org\/{rel}","templated":true}]}}