{"id":10277,"date":"2020-12-08T12:18:21","date_gmt":"2020-12-08T15:18:21","guid":{"rendered":"https:\/\/tacuarembo.gub.uy\/?p=10277"},"modified":"2020-12-08T12:18:21","modified_gmt":"2020-12-08T15:18:21","slug":"2a-edicion-ruta-internacional-de-carlos-gardel","status":"publish","type":"post","link":"https:\/\/tacuarembo.gub.uy\/?p=10277","title":{"rendered":"2\u00aa edici\u00f3n Ruta Internacional de Carlos Gardel"},"content":{"rendered":"\n<p>El pr\u00f3ximo viernes 11 de diciembre se realizar\u00e1 un programa especial, que ser\u00e1 trasmitido a trav\u00e9s de los canales de Facebook y YouTube oficiales de la Intendencia de Tacuaremb\u00f3, desde el Teatro Escayola en Tacuaremb\u00f3, 2\u00aa. Edici\u00f3n de la Ruta Internacional de Carlos Gardel, uniendo a investigadores, periodistas, cantantes de Montevideo, Las Piedras, Buenos Aires, Medell\u00edn, Madrid y el Coro Departamental Carlos Gardel de Tacuaremb\u00f3.\u00a0 Lo podr\u00e1n disfrutar el viernes 11 de diciembre de 2020 a la hora 21:00 de Uruguay, 19:00 horas de Colombia y 02:00 del s\u00e1bado 12 en Europa Occidental.<\/p>\n","protected":false},"excerpt":{"rendered":"<p>El pr\u00f3ximo viernes 11 de diciembre se realizar\u00e1 un programa especial, que ser\u00e1 trasmitido a trav\u00e9s de los canales de Facebook y YouTube oficiales de la Intendencia de Tacuaremb\u00f3, desde el Teatro Escayola en Tacuaremb\u00f3, 2\u00aa. Edici\u00f3n de la Ruta Internacional de Carlos Gardel, uniendo a investigadores, periodistas, cantantes de Montevideo, Las Piedras, Buenos Aires, Medell\u00edn, Madrid y el Coro Departamental Carlos Gardel de Tacuaremb\u00f3<\/p>\n","protected":false},"author":3,"featured_media":10278,"comment_status":"open","ping_status":"open","sticky":false,"template":"","format":"standard","meta":{"_eb_attr":"","footnotes":""},"categories":[16],"tags":[],"class_list":{"0":"post-10277","1":"post","2":"type-post","3":"status-publish","4":"format-standard","5":"has-post-thumbnail","7":"category-noticias"},"_links":{"self":[{"href":"https:\/\/tacuarembo.gub.uy\/index.php?rest_route=\/wp\/v2\/posts\/10277","targetHints":{"allow":["GET"]}}],"collection":[{"href":"https:\/\/tacuarembo.gub.uy\/index.php?rest_route=\/wp\/v2\/posts"}],"about":[{"href":"https:\/\/tacuarembo.gub.uy\/index.php?rest_route=\/wp\/v2\/types\/post"}],"author":[{"embeddable":true,"href":"https:\/\/tacuarembo.gub.uy\/index.php?rest_route=\/wp\/v2\/users\/3"}],"replies":[{"embeddable":true,"href":"https:\/\/tacuarembo.gub.uy\/index.php?rest_route=%2Fwp%2Fv2%2Fcomments&post=10277"}],"version-history":[{"count":1,"href":"https:\/\/tacuarembo.gub.uy\/index.php?rest_route=\/wp\/v2\/posts\/10277\/revisions"}],"predecessor-version":[{"id":10279,"href":"https:\/\/tacuarembo.gub.uy\/index.php?rest_route=\/wp\/v2\/posts\/10277\/revisions\/10279"}],"wp:featuredmedia":[{"embeddable":true,"href":"https:\/\/tacuarembo.gub.uy\/index.php?rest_route=\/wp\/v2\/media\/10278"}],"wp:attachment":[{"href":"https:\/\/tacuarembo.gub.uy\/index.php?rest_route=%2Fwp%2Fv2%2Fmedia&parent=10277"}],"wp:term":[{"taxonomy":"category","embeddable":true,"href":"https:\/\/tacuarembo.gub.uy\/index.php?rest_route=%2Fwp%2Fv2%2Fcategories&post=10277"},{"taxonomy":"post_tag","embeddable":true,"href":"https:\/\/tacuarembo.gub.uy\/index.php?rest_route=%2Fwp%2Fv2%2Ftags&post=10277"}],"curies":[{"name":"wp","href":"https:\/\/api.w.org\/{rel}","templated":true}]}}