{"id":10274,"date":"2020-12-08T12:17:06","date_gmt":"2020-12-08T15:17:06","guid":{"rendered":"https:\/\/tacuarembo.gub.uy\/?p=10274"},"modified":"2020-12-17T14:13:33","modified_gmt":"2020-12-17T17:13:33","slug":"35a-edicion-fiesta-patria-gaucha-suspendida","status":"publish","type":"post","link":"https:\/\/tacuarembo.gub.uy\/?p=10274","title":{"rendered":"35\u00aa Edici\u00f3n Fiesta Patria Gaucha suspendida"},"content":{"rendered":"\n<p>La Comisi\u00f3n Honoraria Organizadora de la Fiesta de la Patria Gaucha, despu\u00e9s de evaluar la situaci\u00f3n del Covid 19 en nuestro pa\u00eds, y frente al riesgo sanitario que significan las aglomeraciones de personas, ha tomado la dif\u00edcil decisi\u00f3n de suspender la 35\u00aa edici\u00f3n de la fiesta 2021, considerando que por sobre lo econ\u00f3mico y lo recreativo debemos valorar la salud.<\/p>\n\n\n\n<p>Desde hace 34 a\u00f1os, la Fiesta es la guardiana de nuestras tradiciones, y m\u00e1s all\u00e1 de las destrezas criollas, la m\u00fasica, la danza y las actividades econ\u00f3micas, est\u00e1 el disfrute en familia, el compartir con amigos, la competencia sana.<\/p>\n\n\n\n<p>Debido a la gran convocatoria de p\u00fablico que tiene y a la cantidad de gente que por motivos laborales y de organizaci\u00f3n se mueven en su entorno, consideramos casi imposible mantener un control adecuado sin poner en riesgo la salud de la poblaci\u00f3n.<\/p>\n\n\n\n<p>Confiamos en que nos volveremos a encontrar en el 2022 para disfrutar de la 35\u00aa. Edici\u00f3n acorde al prestigio que nos caracteriza y que hemos logrado gracias a la participaci\u00f3n de las Sociedades Criollas que son el sello distintivo de la fiesta, y al aporte de artistas, empresas, artesanos, gastron\u00f3micos, prensa, trabajadores y colaboradores de las diferentes \u00e1reas, y por supuesto al p\u00fablico que nos acompa\u00f1a.<\/p>\n\n\n\n<p>Agradecemos la comprensi\u00f3n de esta resoluci\u00f3n que creemos es la m\u00e1s acertada y la que nos ha dictado el sentido com\u00fan, para que sigamos cuid\u00e1ndonos entre todos. COMISI\u00d3N ORGANIZADORA DE LA PATRIA GAUCHA.<\/p>\n\n\n\n<iframe loading=\"lazy\" src=\"https:\/\/www.facebook.com\/plugins\/video.php?height=314&#038;href=https%3A%2F%2Fwww.facebook.com%2F1542852626029966%2Fvideos%2F130817298666233%2F&#038;show_text=false&#038;width=560\" width=\"560\" height=\"314\" style=\"border:none;overflow:hidden\" scrolling=\"no\" frameborder=\"0\" allowfullscreen=\"true\" allow=\"autoplay; clipboard-write; encrypted-media; picture-in-picture; web-share\" allowFullScreen=\"true\"><\/iframe>\n","protected":false},"excerpt":{"rendered":"<p>La Comisi\u00f3n Honoraria Organizadora de la Fiesta de la Patria Gaucha, despu\u00e9s de evaluar la situaci\u00f3n del Covid 19 en nuestro pa\u00eds, y frente al riesgo sanitario que significan las aglomeraciones de personas, ha tomado la dif\u00edcil decisi\u00f3n de suspender la 35\u00aa edici\u00f3n de la fiesta 2021, considerando que por sobre lo econ\u00f3mico y lo recreativo debemos valorar la salud.<\/p>\n","protected":false},"author":3,"featured_media":10275,"comment_status":"open","ping_status":"open","sticky":false,"template":"","format":"standard","meta":{"_eb_attr":"","footnotes":""},"categories":[16],"tags":[],"class_list":{"0":"post-10274","1":"post","2":"type-post","3":"status-publish","4":"format-standard","5":"has-post-thumbnail","7":"category-noticias"},"_links":{"self":[{"href":"https:\/\/tacuarembo.gub.uy\/index.php?rest_route=\/wp\/v2\/posts\/10274","targetHints":{"allow":["GET"]}}],"collection":[{"href":"https:\/\/tacuarembo.gub.uy\/index.php?rest_route=\/wp\/v2\/posts"}],"about":[{"href":"https:\/\/tacuarembo.gub.uy\/index.php?rest_route=\/wp\/v2\/types\/post"}],"author":[{"embeddable":true,"href":"https:\/\/tacuarembo.gub.uy\/index.php?rest_route=\/wp\/v2\/users\/3"}],"replies":[{"embeddable":true,"href":"https:\/\/tacuarembo.gub.uy\/index.php?rest_route=%2Fwp%2Fv2%2Fcomments&post=10274"}],"version-history":[{"count":1,"href":"https:\/\/tacuarembo.gub.uy\/index.php?rest_route=\/wp\/v2\/posts\/10274\/revisions"}],"predecessor-version":[{"id":10276,"href":"https:\/\/tacuarembo.gub.uy\/index.php?rest_route=\/wp\/v2\/posts\/10274\/revisions\/10276"}],"wp:featuredmedia":[{"embeddable":true,"href":"https:\/\/tacuarembo.gub.uy\/index.php?rest_route=\/wp\/v2\/media\/10275"}],"wp:attachment":[{"href":"https:\/\/tacuarembo.gub.uy\/index.php?rest_route=%2Fwp%2Fv2%2Fmedia&parent=10274"}],"wp:term":[{"taxonomy":"category","embeddable":true,"href":"https:\/\/tacuarembo.gub.uy\/index.php?rest_route=%2Fwp%2Fv2%2Fcategories&post=10274"},{"taxonomy":"post_tag","embeddable":true,"href":"https:\/\/tacuarembo.gub.uy\/index.php?rest_route=%2Fwp%2Fv2%2Ftags&post=10274"}],"curies":[{"name":"wp","href":"https:\/\/api.w.org\/{rel}","templated":true}]}}