{"id":10265,"date":"2020-12-07T23:47:02","date_gmt":"2020-12-08T02:47:02","guid":{"rendered":"https:\/\/tacuarembo.gub.uy\/?p=10265"},"modified":"2020-12-07T23:47:02","modified_gmt":"2020-12-08T02:47:02","slug":"en-territorio-planificando-gestion","status":"publish","type":"post","link":"https:\/\/tacuarembo.gub.uy\/?p=10265","title":{"rendered":"En territorio planificando gesti\u00f3n"},"content":{"rendered":"\r\n<p>As\u00ed transcurren los primeros d\u00edas de trabajo en la Direcci\u00f3n General de Desarrollo Social, tanto el Director, Sergio Porcile, como el Sub &#8211; Director Pablo Paiva, han estado visitando los Centro de Barrio, Comedores, Policl\u00ednicas, entrevist\u00e1ndose con los responsables para trasladarle el plan de trabajo previsto por el Intendente Departamental Wilson Ezquerra. El objetivo es instrumentar acciones que apunten a fortalecer los servicios que se brindan con calidad y responsabilidad en el cumplimiento de los protocolos sanitarios, teniendo presente la empat\u00eda y sensibilidad al atender a una franja vulnerable de nuestra sociedad ayud\u00e1ndolos a vivir mejor.<\/p>\r\n\r\n\r\n\r\n<figure class=\"wp-block-image size-large\"><img loading=\"lazy\" decoding=\"async\" width=\"800\" height=\"420\" src=\"https:\/\/tacuarembo.gub.uy\/wp-content\/uploads\/IMG-20201207-WA0004-800x420.jpg\" alt=\"\" class=\"wp-image-10262\"\/><\/figure>\r\n\r\n\r\n\r\n<figure class=\"wp-block-image size-large\"><img loading=\"lazy\" decoding=\"async\" width=\"800\" height=\"420\" src=\"https:\/\/tacuarembo.gub.uy\/wp-content\/uploads\/IMG-20201207-WA0002-800x420.jpg\" alt=\"\" class=\"wp-image-10267\"\/><\/figure>\r\n\r\n\r\n\r\n<figure class=\"wp-block-image size-large\"><img loading=\"lazy\" decoding=\"async\" width=\"800\" height=\"420\" src=\"https:\/\/tacuarembo.gub.uy\/wp-content\/uploads\/IMG-20201207-WA0003-800x420.jpg\" alt=\"\" class=\"wp-image-10266\"\/><\/figure>\r\n\r\n\r\n\r\n<figure class=\"wp-block-image size-large\"><img loading=\"lazy\" decoding=\"async\" width=\"800\" height=\"420\" src=\"https:\/\/tacuarembo.gub.uy\/wp-content\/uploads\/IMG-20201207-WA0000-800x420.jpg\" alt=\"\" class=\"wp-image-10268\"\/><\/figure>\r\n","protected":false},"excerpt":{"rendered":"<p>As\u00ed transcurren los primeros d\u00edas de trabajo en la Direcci\u00f3n General de Desarrollo Social, tanto el Director, Sergio Porcile, como el Sub &#8211; Director Pablo Paiva, han estado visitando los Centro de Barrio, Comedores, Policl\u00ednicas, entrevist\u00e1ndose con los responsables para trasladarle el plan de trabajo previsto por el Intendente Departamental Wilson Ezquerra<\/p>\n","protected":false},"author":3,"featured_media":10266,"comment_status":"open","ping_status":"open","sticky":false,"template":"","format":"standard","meta":{"_eb_attr":"","footnotes":""},"categories":[16],"tags":[],"class_list":{"0":"post-10265","1":"post","2":"type-post","3":"status-publish","4":"format-standard","5":"has-post-thumbnail","7":"category-noticias"},"_links":{"self":[{"href":"https:\/\/tacuarembo.gub.uy\/index.php?rest_route=\/wp\/v2\/posts\/10265","targetHints":{"allow":["GET"]}}],"collection":[{"href":"https:\/\/tacuarembo.gub.uy\/index.php?rest_route=\/wp\/v2\/posts"}],"about":[{"href":"https:\/\/tacuarembo.gub.uy\/index.php?rest_route=\/wp\/v2\/types\/post"}],"author":[{"embeddable":true,"href":"https:\/\/tacuarembo.gub.uy\/index.php?rest_route=\/wp\/v2\/users\/3"}],"replies":[{"embeddable":true,"href":"https:\/\/tacuarembo.gub.uy\/index.php?rest_route=%2Fwp%2Fv2%2Fcomments&post=10265"}],"version-history":[{"count":1,"href":"https:\/\/tacuarembo.gub.uy\/index.php?rest_route=\/wp\/v2\/posts\/10265\/revisions"}],"predecessor-version":[{"id":10269,"href":"https:\/\/tacuarembo.gub.uy\/index.php?rest_route=\/wp\/v2\/posts\/10265\/revisions\/10269"}],"wp:featuredmedia":[{"embeddable":true,"href":"https:\/\/tacuarembo.gub.uy\/index.php?rest_route=\/wp\/v2\/media\/10266"}],"wp:attachment":[{"href":"https:\/\/tacuarembo.gub.uy\/index.php?rest_route=%2Fwp%2Fv2%2Fmedia&parent=10265"}],"wp:term":[{"taxonomy":"category","embeddable":true,"href":"https:\/\/tacuarembo.gub.uy\/index.php?rest_route=%2Fwp%2Fv2%2Fcategories&post=10265"},{"taxonomy":"post_tag","embeddable":true,"href":"https:\/\/tacuarembo.gub.uy\/index.php?rest_route=%2Fwp%2Fv2%2Ftags&post=10265"}],"curies":[{"name":"wp","href":"https:\/\/api.w.org\/{rel}","templated":true}]}}