{"id":10257,"date":"2020-12-07T15:00:32","date_gmt":"2020-12-07T18:00:32","guid":{"rendered":"https:\/\/tacuarembo.gub.uy\/?p=10257"},"modified":"2020-12-07T15:00:32","modified_gmt":"2020-12-07T18:00:32","slug":"asume-luis-irigoin","status":"publish","type":"post","link":"https:\/\/tacuarembo.gub.uy\/?p=10257","title":{"rendered":"Asume Luis Irigoin"},"content":{"rendered":"\n<p>La Intendencia de Tacuaremb\u00f3 y el Municipio de Paso de los Toros, informan que el d\u00eda mi\u00e9rcoles 9 del corriente, a la hora 19.00, en la Sala de Convenciones del Parador Municipal, con la presencia del Intendente Departamental de Tacuaremb\u00f3 Wilson Ezquerra y autoridades departamentales y locales, se desarrollar\u00e1 el acto de asunci\u00f3n en el cargo de Alcalde, del Sr. Luis Irigoin.<br>Atento a la situaci\u00f3n actual, el mismo tendr\u00e1 capacidad limitada a trav\u00e9s de invitaciones, y el estricto cumplimiento de los protocolos establecidos, siendo indispensable entre los presentes el uso de tapabocas y el distanciamiento social.<br>El ingreso estar\u00e1 reservado exclusivamente a las autoridades involucradas, disponi\u00e9ndose de un espacio para el trabajo de la prensa.<\/p>\n","protected":false},"excerpt":{"rendered":"<p>La Intendencia de Tacuaremb\u00f3 y el Municipio de Paso de los Toros, informan que el d\u00eda mi\u00e9rcoles 9 del corriente, a la hora 19.00, en la Sala de Convenciones del Parador Municipal, con la presencia del Intendente Departamental de Tacuaremb\u00f3 Wilson Ezquerra y autoridades departamentales y locales, se desarrollar\u00e1 el acto de asunci\u00f3n en el cargo de Alcalde, del Sr. Luis Irigoin<\/p>\n","protected":false},"author":3,"featured_media":10258,"comment_status":"open","ping_status":"open","sticky":false,"template":"","format":"standard","meta":{"_eb_attr":"","footnotes":""},"categories":[16],"tags":[],"class_list":{"0":"post-10257","1":"post","2":"type-post","3":"status-publish","4":"format-standard","5":"has-post-thumbnail","7":"category-noticias"},"_links":{"self":[{"href":"https:\/\/tacuarembo.gub.uy\/index.php?rest_route=\/wp\/v2\/posts\/10257","targetHints":{"allow":["GET"]}}],"collection":[{"href":"https:\/\/tacuarembo.gub.uy\/index.php?rest_route=\/wp\/v2\/posts"}],"about":[{"href":"https:\/\/tacuarembo.gub.uy\/index.php?rest_route=\/wp\/v2\/types\/post"}],"author":[{"embeddable":true,"href":"https:\/\/tacuarembo.gub.uy\/index.php?rest_route=\/wp\/v2\/users\/3"}],"replies":[{"embeddable":true,"href":"https:\/\/tacuarembo.gub.uy\/index.php?rest_route=%2Fwp%2Fv2%2Fcomments&post=10257"}],"version-history":[{"count":1,"href":"https:\/\/tacuarembo.gub.uy\/index.php?rest_route=\/wp\/v2\/posts\/10257\/revisions"}],"predecessor-version":[{"id":10259,"href":"https:\/\/tacuarembo.gub.uy\/index.php?rest_route=\/wp\/v2\/posts\/10257\/revisions\/10259"}],"wp:featuredmedia":[{"embeddable":true,"href":"https:\/\/tacuarembo.gub.uy\/index.php?rest_route=\/wp\/v2\/media\/10258"}],"wp:attachment":[{"href":"https:\/\/tacuarembo.gub.uy\/index.php?rest_route=%2Fwp%2Fv2%2Fmedia&parent=10257"}],"wp:term":[{"taxonomy":"category","embeddable":true,"href":"https:\/\/tacuarembo.gub.uy\/index.php?rest_route=%2Fwp%2Fv2%2Fcategories&post=10257"},{"taxonomy":"post_tag","embeddable":true,"href":"https:\/\/tacuarembo.gub.uy\/index.php?rest_route=%2Fwp%2Fv2%2Ftags&post=10257"}],"curies":[{"name":"wp","href":"https:\/\/api.w.org\/{rel}","templated":true}]}}